{"id":3282,"date":"2025-04-15T19:23:26","date_gmt":"2025-04-15T19:23:26","guid":{"rendered":"https:\/\/www.astreitalia.it\/?p=3282"},"modified":"2025-04-15T19:23:26","modified_gmt":"2025-04-15T19:23:26","slug":"astre-italia-e-federtrasporti-nuove-sinergie-per-autotrasporto-e-logistica-allopen-day-del-12-aprile-2025","status":"publish","type":"post","link":"https:\/\/www.astreitalia.it\/index.php\/2025\/04\/15\/astre-italia-e-federtrasporti-nuove-sinergie-per-autotrasporto-e-logistica-allopen-day-del-12-aprile-2025\/","title":{"rendered":"Astre Italia e Federtrasporti: nuove sinergie per autotrasporto e logistica all\u2019open day del 12 aprile 2025"},"content":{"rendered":"<p>L\u2019<strong>open day<\/strong> organizzato da <strong>Astre Italia<\/strong> e <strong>Federtrasporti<\/strong>, due tra i principali gruppi italiani nel settore dell\u2019<strong>autotrasporto<\/strong> e della <strong>logistica<\/strong>, si \u00e8 svolto, sabato 12 aprile 2025, con l&#8217;obiettivo di rafforzare la collaborazione tra le due realt\u00e0.<\/p>\n<p>L\u2019<strong>open day<\/strong> ha offerto l&#8217;opportunit\u00e0 di un confronto diretto tra i rappresentanti e i soci delle due organizzazioni, approfondendo i dettagli della partnership iniziata lo scorso settembre.<\/p>\n<p>La giornata open day <strong>Astre Italia<\/strong> e <strong>Federtrasporti<\/strong> \u00e8 stata suddivisa in due momenti: la mattina dedicata a una panoramica sulle attivit\u00e0, sulle strategie e sugli obiettivi comuni. Nel pomeriggio si \u00e8 passati a un livello pi\u00f9 operativo, con <strong>meeting tra singole aziende associate<\/strong>, mirati a individuare <strong>possibili ambiti di collaborazione concreta<\/strong>.<\/p>\n<div id=\"attachment_3284\" style=\"width: 610px\" class=\"wp-caption aligncenter\"><img fetchpriority=\"high\" decoding=\"async\" aria-describedby=\"caption-attachment-3284\" class=\"wp-image-3284\" title=\"Astre Italia e Federtrasporti meeting soci imprese business\" src=\"https:\/\/www.astreitalia.it\/wp-content\/uploads\/2025\/04\/Astre-Italia-e-Federtrasporti-meeting.jpeg\" alt=\"Astre Italia e Federtrasporti meeting soci imprese business\" width=\"600\" height=\"300\" srcset=\"https:\/\/www.astreitalia.it\/wp-content\/uploads\/2025\/04\/Astre-Italia-e-Federtrasporti-meeting.jpeg 600w, https:\/\/www.astreitalia.it\/wp-content\/uploads\/2025\/04\/Astre-Italia-e-Federtrasporti-meeting-300x150.jpeg 300w\" sizes=\"(max-width: 600px) 100vw, 600px\" \/><p id=\"caption-attachment-3284\" class=\"wp-caption-text\">Open Day Astre Italia e Federtrasporti &#8211; meeting aziende<\/p><\/div>\n<p>L&#8217;incontro tra <strong>Astre Italia e Federtrasporti<\/strong> punta a consolidare un fronte comune per <strong>aumentare la competitivit\u00e0<\/strong>, razionalizzare i costi e <strong>accedere con maggiore forza a nuove opportunit\u00e0 di mercato<\/strong>.<\/p>\n<h2><strong>Astre Italia e Federtrasporti: unione strategica per affrontare le sfide del mercato<\/strong><\/h2>\n<p>L\u2019intesa tra Astre Italia e Federtrasporti prevede azioni congiunte in diversi ambiti come gli <strong>acquisti di gruppo<\/strong>, la <strong>formazione<\/strong>, i <strong>servizi assicurativi<\/strong> e la <strong>logistica integrata<\/strong>, con l\u2019obiettivo di favorire sinergie che permettano alle aziende di affrontare una fase di mercato caratterizzata dalla <strong>concentrazione della domanda<\/strong> e dalla necessit\u00e0 di avere una massa critica per restare competitivi.<\/p>\n<div id=\"attachment_3293\" style=\"width: 610px\" class=\"wp-caption aligncenter\"><img decoding=\"async\" aria-describedby=\"caption-attachment-3293\" class=\"wp-image-3293 size-full\" title=\"Federtrasporti\" src=\"https:\/\/www.astreitalia.it\/wp-content\/uploads\/2025\/04\/Federtrasporti-.jpg\" alt=\"Federtrasporti\" width=\"600\" height=\"300\" srcset=\"https:\/\/www.astreitalia.it\/wp-content\/uploads\/2025\/04\/Federtrasporti-.jpg 600w, https:\/\/www.astreitalia.it\/wp-content\/uploads\/2025\/04\/Federtrasporti--300x150.jpg 300w\" sizes=\"(max-width: 600px) 100vw, 600px\" \/><p id=\"caption-attachment-3293\" class=\"wp-caption-text\">Open Day Astre Italia e Federtrasporti: formazione &#8211; servizi assicurativi &#8211; logistica integrata<\/p><\/div>\n<h2><strong>Resta Italia: la borsa noli<\/strong><\/h2>\n<p>Un risultato concreto della collaborazione \u00e8 gi\u00e0 stato raggiunto con la <strong>partecipazione congiunta al capitale di Resta Italia<\/strong>, la societ\u00e0 costituita per portare in Italia la <strong>borsa noli B2P<\/strong>, piattaforma europea dedicata all&#8217;incontro tra domanda e offerta di trasporto. Questa iniziativa dimostra l\u2019impegno di <strong>Astre Italia<\/strong> e <strong>Federtrasporti<\/strong> nell&#8217;investire in soluzioni digitali innovative per il supporto alle imprese del settore<strong> e che, dal lancio di Resta Italia, ha visto crescere in modo costante il numero di aziende che scelgono di affidarsi alla piattaforma per le proprie esigenze di trasporto<\/strong>.<\/p>\n<div id=\"attachment_3290\" style=\"width: 610px\" class=\"wp-caption aligncenter\"><img decoding=\"async\" aria-describedby=\"caption-attachment-3290\" class=\"wp-image-3290 size-full\" title=\"Resta Italia borsa noli\" src=\"https:\/\/www.astreitalia.it\/wp-content\/uploads\/2025\/04\/Resta-Italia.jpg\" alt=\"Resta Italia borsa noli\" width=\"600\" height=\"300\" srcset=\"https:\/\/www.astreitalia.it\/wp-content\/uploads\/2025\/04\/Resta-Italia.jpg 600w, https:\/\/www.astreitalia.it\/wp-content\/uploads\/2025\/04\/Resta-Italia-300x150.jpg 300w\" sizes=\"(max-width: 600px) 100vw, 600px\" \/><p id=\"caption-attachment-3290\" class=\"wp-caption-text\">Resta Italia &#8211; borsa noli<\/p><\/div>\n<h2><strong>I numeri della partnership Astre Italia e Federtrasporti<\/strong><\/h2>\n<p>La forza dell\u2019alleanza tra Astre Italia e Federtrasporti \u00e8 nei numeri:<\/p>\n<ul>\n<li><strong>7.000 camion<\/strong><\/li>\n<li><strong>650.000 mq di infrastrutture<\/strong><\/li>\n<li><strong>oltre 1,1 miliardi di euro di fatturato aggregato<\/strong><\/li>\n<\/ul>\n<p>Numeri che testimoniano un potenziale importante e una capacit\u00e0 di incidere significativamente sul mercato italiano ed europeo.<\/p>\n<div id=\"attachment_3287\" style=\"width: 610px\" class=\"wp-caption aligncenter\"><img loading=\"lazy\" decoding=\"async\" aria-describedby=\"caption-attachment-3287\" class=\"wp-image-3287 size-full\" title=\"Astre Italia soci\" src=\"https:\/\/www.astreitalia.it\/wp-content\/uploads\/2025\/04\/Astre-Italia-soci.jpg\" alt=\"Astre Italia soci\" width=\"600\" height=\"300\" srcset=\"https:\/\/www.astreitalia.it\/wp-content\/uploads\/2025\/04\/Astre-Italia-soci.jpg 600w, https:\/\/www.astreitalia.it\/wp-content\/uploads\/2025\/04\/Astre-Italia-soci-300x150.jpg 300w\" sizes=\"(max-width: 600px) 100vw, 600px\" \/><p id=\"caption-attachment-3287\" class=\"wp-caption-text\">Astre Italia: i nostri soci &#8211; la nostra forza<\/p><\/div>\n<h2><strong>Le parole di Giuseppe Curcio, Presidente di Astre Italia<\/strong><\/h2>\n<p><strong>Giuseppe Curcio, Presidente di Astre Italia<\/strong>, ha commentato i progressi della sinergia:<\/p>\n<p><em>\u00abL\u2019incontro \u00e8 una conferma che il lavoro congiunto di Astre Italia e Federtrasporti sta aprendo nuove opportunit\u00e0 di crescita per tutte le aziende coinvolte. Ogni passo che compiamo rafforza la nostra capacit\u00e0 di rispondere alle sfide del mercato, ottimizzando i servizi e facendo leva sulle sinergie interne. Siamo pronti a proseguire su questa strada con l\u2019obiettivo di consolidare la nostra posizione nel panorama nazionale e internazionale del settore dell\u2019autotrasporto e della logistica, grazie anche al supporto della rete europea Astre. Fondamentale \u00e8 stata la seconda parte della giornata, dove, circa 50 aziende di trasporto, hanno avuto la possibilit\u00e0 di incontrarsi e confrontarsi sulla possibilit\u00e0 di condividere Business, per cui rafforzare le potenzialit\u00e0 di ognuno di Noi anche in settori non diversi dalle proprie competenze, come la chimica, la logistica di magazzino, over seas, doganale e tanto altro. Siamo solo all\u2019inizio.\u201d<\/em><\/p>\n<p><strong>Continua a leggere:\u00a0<a href=\"https:\/\/www.astreitalia.it\/index.php\/2025\/04\/03\/uno-sguardo-al-congresso-astre-di-bruxelles-due-giorni-di-creativita-e-innovazione\/\">Uno sguardo al Congresso Astre di Bruxelles: due giorni di creativit\u00e0 e innovazione<\/a><\/strong><\/p>\n","protected":false},"excerpt":{"rendered":"<p>L\u2019open day organizzato da Astre Italia e Federtrasporti, due tra i principali gruppi italiani nel settore dell\u2019autotrasporto e della logistica, si \u00e8 svolto, sabato 12 aprile 2025, con l&#8217;obiettivo di rafforzare la collaborazione tra le due realt\u00e0. L\u2019open day ha offerto l&#8217;opportunit\u00e0 di un confronto&#8230;<\/p>\n","protected":false},"author":5,"featured_media":3289,"comment_status":"open","ping_status":"open","sticky":false,"template":"","format":"standard","meta":{"footnotes":""},"categories":[1,8],"tags":[112,9,17,299,11,300,10,119],"class_list":["post-3282","post","type-post","status-publish","format-standard","has-post-thumbnail","hentry","category-news_interne","category-news_esterne","tag-albo-degli-autotrasportatori","tag-astre-italia","tag-autotrasporto","tag-federtrasporti","tag-logistica","tag-resta-italia","tag-trasporti","tag-trasporti-e-logistica"],"acf":[],"_links":{"self":[{"href":"https:\/\/www.astreitalia.it\/index.php\/wp-json\/wp\/v2\/posts\/3282","targetHints":{"allow":["GET"]}}],"collection":[{"href":"https:\/\/www.astreitalia.it\/index.php\/wp-json\/wp\/v2\/posts"}],"about":[{"href":"https:\/\/www.astreitalia.it\/index.php\/wp-json\/wp\/v2\/types\/post"}],"author":[{"embeddable":true,"href":"https:\/\/www.astreitalia.it\/index.php\/wp-json\/wp\/v2\/users\/5"}],"replies":[{"embeddable":true,"href":"https:\/\/www.astreitalia.it\/index.php\/wp-json\/wp\/v2\/comments?post=3282"}],"version-history":[{"count":7,"href":"https:\/\/www.astreitalia.it\/index.php\/wp-json\/wp\/v2\/posts\/3282\/revisions"}],"predecessor-version":[{"id":3294,"href":"https:\/\/www.astreitalia.it\/index.php\/wp-json\/wp\/v2\/posts\/3282\/revisions\/3294"}],"wp:featuredmedia":[{"embeddable":true,"href":"https:\/\/www.astreitalia.it\/index.php\/wp-json\/wp\/v2\/media\/3289"}],"wp:attachment":[{"href":"https:\/\/www.astreitalia.it\/index.php\/wp-json\/wp\/v2\/media?parent=3282"}],"wp:term":[{"taxonomy":"category","embeddable":true,"href":"https:\/\/www.astreitalia.it\/index.php\/wp-json\/wp\/v2\/categories?post=3282"},{"taxonomy":"post_tag","embeddable":true,"href":"https:\/\/www.astreitalia.it\/index.php\/wp-json\/wp\/v2\/tags?post=3282"}],"curies":[{"name":"wp","href":"https:\/\/api.w.org\/{rel}","templated":true}]}}