{"id":3227,"date":"2025-02-04T14:01:34","date_gmt":"2025-02-04T14:01:34","guid":{"rendered":"https:\/\/www.astreitalia.it\/?p=3227"},"modified":"2025-03-05T17:37:19","modified_gmt":"2025-03-05T17:37:19","slug":"marco-salardi-e-il-neo-responsabile-sviluppo-marketing-di-astre-plus","status":"publish","type":"post","link":"https:\/\/www.astreitalia.it\/index.php\/2025\/02\/04\/marco-salardi-e-il-neo-responsabile-sviluppo-marketing-di-astre-plus\/","title":{"rendered":"Marco Salardi \u00e8 il neo responsabile sviluppo marketing di Astre Plus"},"content":{"rendered":"<p>Nata nel 2017 come network pallet, Astre Plus vanta sempre pi\u00f9 affiliati. Il suo core business \u00e8 l\u2019Ftl (Full Truck Load) da un minimo di 4 fino a 12 bancali. Insomma nessun viaggio a vuoto. Anzi. Ed ora l\u2019ennesimo passo avanti. Con la nomina del nuovo responsabile dello sviluppo Network, <strong>Marco Salardi <\/strong>(nella foto)<strong>, <\/strong>che \u00e8 entrato in carica dal 1\u00b0 febbraio.<\/p>\n<p>Salardi vanta una lunga carriera soprattutto nel mondo delle spedizioni internazionali, prima General manager di Transtir srl, poi direttore generale e quindi ceo del\u00a0 Gruppo Cds srl e infine Project manager di Bianchi Modena srl, Salardi approda ad Astre Plus intenzionato ad ampliare il network.<\/p>\n<p>\u00ab<em>Conoscevo il progetto Plus per le mie esperienze precedenti. Soprattutto ho condiviso con i soci iniziali lo spirito di gruppo. Si tratta di aziende che si muovono sempre in un modo che condivido. Quindi penso di poter portare la mia esperienza come valore aggiunto<\/em>\u00bb.<\/p>\n<p>Da cosa partir\u00e0 per lo sviluppo del network?<\/p>\n<p>\u00ab<em>L\u2019importante \u00e8 partire da una visione di gruppo per poter aprire verso l\u2019Europa. Astre Plus \u00e8 l\u2019unico network in Italia e ha due capisaldi: \u00e8 presente all\u2019Interporto di Bologna e in quello di Maddaloni-Marcianise, quindi abbiamo un \u201cponte\u201d verso l\u2019Europa sia verso l\u2019est che verso Germania, Belgio e Olanda. \u00c8 la direzione in cui lavoreremo in questo 2025. Ma non \u00e8 l\u2019unico obiettivo<\/em>\u00bb.<\/p>\n<p>Ci anticipa gli altri?<\/p>\n<p>\u00ab<em>Partiamo dal consolidare il rapporto con le aziende serie che gi\u00e0 fanno parte del gruppo e poi cercarne altre: altrettanto serie ed affidabili che possano condividere lo spirito del nostro network, che comprendano la validit\u00e0 dello \u201cstrumento\u201d di Astre Plus. Preferisco parlare infatti di gruppo piuttosto che di network. Un gruppo che utilizza uno strumento valido e affidabile<\/em>\u00bb.<\/p>\n<p>A proposito della validit\u00e0 dello strumento pare ci siano novit\u00e0 in arrivo\u2026<\/p>\n<p>\u00ab<em>Perch\u00e9 uno strumento sia veramente valido si deve aggiornare costantemente, essere al passo coi tempi e con il mercato. Quindi stiamo gi\u00e0 lavorando all\u2019aggiornamento del sistema informatico, al transit time, ai contatti tra gli affiliati. Ben presto saranno visibili tutte le novit\u00e0 e la maggior facilit\u00e0 di utilizzo. La nostra forza \u00e8 quella di creare sinergie, conoscenze, contatti, anche al di l\u00e0 dell\u2019utilizzo di Astre Plus. Per questo parlavo di gruppo e di condivisione strategica, sono la nostra forza e quella delle rete astriana in generale<\/em>\u00bb.<\/p>\n<p>Insomma si parte dall\u2019Italia per\u2026<\/p>\n<p>\u00ab<em>Per farci conoscere meglio sia qui che sul mercato europeo. Vogliamo coinvolgere sempre pi\u00f9 \u201cattori\u201d per rinforzare la rete, il gruppo, la collaborazione e lo spirito che ci contraddistingue. Le premesse ci sono tutte. Naturalmente continueremo a tener ben saldi i criteri che devono rispettare i nostri affiliati: solidit\u00e0 aziendale, etica, condivisione degli obiettivi per una crescita sostenibile<\/em>\u00bb.<\/p>\n","protected":false},"excerpt":{"rendered":"<p>Nata nel 2017 come network pallet, Astre Plus vanta sempre pi\u00f9 affiliati. Il suo core business \u00e8 l\u2019Ftl (Full Truck Load) da un minimo di 4 fino a 12 bancali. Insomma nessun viaggio a vuoto. Anzi. Ed ora l\u2019ennesimo passo avanti. Con la nomina del&#8230;<\/p>\n","protected":false},"author":5,"featured_media":3228,"comment_status":"open","ping_status":"open","sticky":false,"template":"","format":"standard","meta":{"footnotes":""},"categories":[1,8],"tags":[14],"class_list":["post-3227","post","type-post","status-publish","format-standard","has-post-thumbnail","hentry","category-news_interne","category-news_esterne","tag-astre-plus"],"acf":[],"_links":{"self":[{"href":"https:\/\/www.astreitalia.it\/index.php\/wp-json\/wp\/v2\/posts\/3227","targetHints":{"allow":["GET"]}}],"collection":[{"href":"https:\/\/www.astreitalia.it\/index.php\/wp-json\/wp\/v2\/posts"}],"about":[{"href":"https:\/\/www.astreitalia.it\/index.php\/wp-json\/wp\/v2\/types\/post"}],"author":[{"embeddable":true,"href":"https:\/\/www.astreitalia.it\/index.php\/wp-json\/wp\/v2\/users\/5"}],"replies":[{"embeddable":true,"href":"https:\/\/www.astreitalia.it\/index.php\/wp-json\/wp\/v2\/comments?post=3227"}],"version-history":[{"count":2,"href":"https:\/\/www.astreitalia.it\/index.php\/wp-json\/wp\/v2\/posts\/3227\/revisions"}],"predecessor-version":[{"id":3230,"href":"https:\/\/www.astreitalia.it\/index.php\/wp-json\/wp\/v2\/posts\/3227\/revisions\/3230"}],"wp:featuredmedia":[{"embeddable":true,"href":"https:\/\/www.astreitalia.it\/index.php\/wp-json\/wp\/v2\/media\/3228"}],"wp:attachment":[{"href":"https:\/\/www.astreitalia.it\/index.php\/wp-json\/wp\/v2\/media?parent=3227"}],"wp:term":[{"taxonomy":"category","embeddable":true,"href":"https:\/\/www.astreitalia.it\/index.php\/wp-json\/wp\/v2\/categories?post=3227"},{"taxonomy":"post_tag","embeddable":true,"href":"https:\/\/www.astreitalia.it\/index.php\/wp-json\/wp\/v2\/tags?post=3227"}],"curies":[{"name":"wp","href":"https:\/\/api.w.org\/{rel}","templated":true}]}}