{"id":3136,"date":"2024-10-28T16:49:08","date_gmt":"2024-10-28T16:49:08","guid":{"rendered":"https:\/\/www.astreitalia.it\/?p=3136"},"modified":"2024-10-28T18:26:25","modified_gmt":"2024-10-28T18:26:25","slug":"congresso-astre-italia-allinsegna-di-condivisione-formazione-e-innovazione","status":"publish","type":"post","link":"https:\/\/www.astreitalia.it\/index.php\/2024\/10\/28\/congresso-astre-italia-allinsegna-di-condivisione-formazione-e-innovazione\/","title":{"rendered":"Congresso Operativi Astre Italia all&#8217;insegna di condivisione, formazione e innovazione"},"content":{"rendered":"<p>Si \u00e8 tenuto a Bologna, presso la sede di Interporto, il congresso annuale degli Operativi di Astre Italia.<\/p>\n<p>Si tratta di un appuntamento di rilievo per i professionisti del settore logistico e del trasporto. Operatori, soci e collaboratori si sono riuniti con l&#8217;obiettivo di promuovere la formazione, lo scambio di competenze e la coesione tra le diverse realt\u00e0 affiliate. I presenti sono stati accolti dal benvenuto e dall&#8217;introduzione del Presidente di Astre italia <strong>Giuseppe Curcio<\/strong>.<\/p>\n<p>Tre gli atelier tematici che hanno scandito la giornata con momenti formativi anche sul camp,o grazie a una prova di abilit\u00e0 degli autisti. Non \u00e8 mancata la convivialit\u00e0 che ha favorito il networking tra i presenti.<\/p>\n<h3>Gli atelier formativi del congresso<\/h3>\n<h4>Il primo workshop<\/h4>\n<p>Ad aprire la giornata un workshop dedicato agli addetti operativi a cura di <strong>Paolo Moggi<\/strong> del gruppo <strong>Federtrasporti. <\/strong>Moggi ha approfondito alcuni aspetti normativi fondamentali per l&#8217;autotrasporto.\u00a0 La relazione ha posto l&#8217;attenzione su regole di circolazione stradale, tempi di guida e riposo e uso del tachigrafo, strumenti fondamentali per la gestione corretta e sicura del trasporto su strada.<\/p>\n<p>Quindi \u00e8 stata la volta del Direttore Commerciale di <strong>RESTA ITALIA<\/strong>, Roberto <strong>Pezzi.<\/strong> Pezzi ha presentato la Nuova Borsa Noli Europea, nata dalla partnership tra la pi\u00f9 grande borsa noli francese, B2P ed i raggruppamenti ASTRE ITALIA e FEDERTRASPORTI. Le peculiarit\u00e0 della nuova Borsa noli, infatti, la rendono unica\u00a0nel panorama nazionale e internazionale.<\/p>\n<p>Altissima l&#8217;attenzione dei presenti, data la piena consapevolezza che si tratta di un servizio con numerosi e importanti aspetti innovativi.<\/p>\n<h4>Il secondo workshop del congresso<\/h4>\n<p>A dare il via al secondo workshop del congresso \u00e8 stato <strong>Massimo Cinquina<\/strong> di <strong>Cinquina Trasporti e Servizi<\/strong> s.r.l. (Socio \u00a0Astre).<\/p>\n<p>Cinquina ha approfondito l&#8217;utilizzo del nuovo sito Astre, sia per la sezione italiana sia per quella francese. Ha cos\u00ec spiegato le procedure operative del nuovo sito, molto pi\u00f9 agevoli e facilmente condivisibili. Il suo utilizzo permette infatti di tenere sotto controllo acquisti, rifornimenti, opportunit\u00e0 commerciali ed anche di essere tutelati in caso di momentanee difficolt\u00e0. Si tratta di uno strumento centrale per la condivisione di procedure e informazioni tra i soci, migliorando l&#8217;efficienza operativa e promuovendo la trasparenza.<\/p>\n<h4>Il terzo workshop<\/h4>\n<p>Prettamente operativo il terzo workshop del congresso. A coordinarlo <strong>Edy De Rocco<\/strong> di <strong>De Rocco s.r.l.<\/strong> (socio \u00a0Astre) con il supporto di <strong>MERCEDES.<\/strong><\/p>\n<p>Gli autisti, infatti, si sono messi in gioco con una prova pratica. Durante la challenge i conducenti hanno dovuto dimostrare capacit\u00e0 tecniche e dinamiche di guida. \u00c8 emersa quindi la loro competenza e prontezza nell&#8217;affrontare diverse situazioni di trasporto.<\/p>\n<p>Nella foto un momento della challenge. <img decoding=\"async\" class=\"size-medium wp-image-3141 alignright\" src=\"https:\/\/www.astreitalia.it\/wp-content\/uploads\/2024\/10\/WhatsApp-Image-2024-10-28-at-16.37.14-2-300x139.jpeg\" alt=\"\" width=\"300\" height=\"139\" srcset=\"https:\/\/www.astreitalia.it\/wp-content\/uploads\/2024\/10\/WhatsApp-Image-2024-10-28-at-16.37.14-2-300x139.jpeg 300w, https:\/\/www.astreitalia.it\/wp-content\/uploads\/2024\/10\/WhatsApp-Image-2024-10-28-at-16.37.14-2-1024x473.jpeg 1024w, https:\/\/www.astreitalia.it\/wp-content\/uploads\/2024\/10\/WhatsApp-Image-2024-10-28-at-16.37.14-2-768x355.jpeg 768w, https:\/\/www.astreitalia.it\/wp-content\/uploads\/2024\/10\/WhatsApp-Image-2024-10-28-at-16.37.14-2-1536x709.jpeg 1536w, https:\/\/www.astreitalia.it\/wp-content\/uploads\/2024\/10\/WhatsApp-Image-2024-10-28-at-16.37.14-2-700x323.jpeg 700w, https:\/\/www.astreitalia.it\/wp-content\/uploads\/2024\/10\/WhatsApp-Image-2024-10-28-at-16.37.14-2.jpeg 1600w\" sizes=\"(max-width: 300px) 100vw, 300px\" \/><\/p>\n<p>&nbsp;<\/p>\n<h4><\/h4>\n<h4><\/h4>\n<h4>Convivialit\u00e0 e networking<\/h4>\n<p>A coronamento della giornata formativa, i partecipanti hanno avuto la possibilit\u00e0 di visitare il Museo Ferruccio Lamborghini a Funo di Argelato, un&#8217;iniziativa incentive che ha permesso di scoprire la storia e l&#8217;evoluzione di un&#8217;eccellenza italiana. La giornata si \u00e8 conclusa presso la Tenuta Al Ciocco di Bologna, dove si \u00e8 tenuta una serata conviviale: un aperitivo di benvenuto ha dato il via alla cena, seguita da momenti di intrattenimento. Questo momento ludico ha rappresentato un&#8217;importante occasione di networking tra i soci di Astre Italia e i collaboratori, consolidando lo spirito di gruppo.<\/p>\n<h5>Premiazioni e Riconoscimenti<\/h5>\n<p>L&#8217;occasione per consolidare i rapporti tra soci e collaboratori la cena di gala, durante la quale sono stati premiati i soci che si sono distinti per la loro collaborazione con Astre Italia e Astre Francia, contribuendo in modo significativo alla rete.<\/p>\n<p>In particolare i riconoscimenti sono stati attribuiti per il supporto negli scambi merci, sia a livello nazionale sia europeo, e per il contributo al sistema di sconti Astre Italia.<\/p>\n<p>Una formula che unisce formazione, competizione e momenti di condivisione fa insomma del congresso annuale degli operativi di Astre Italia un&#8217;occasione fondamentale non solo per arricchire le proprie competenze, ma anche per consolidare la rete.<\/p>\n<p>&nbsp;<\/p>\n","protected":false},"excerpt":{"rendered":"<p>Si \u00e8 tenuto a Bologna, presso la sede di Interporto, il congresso annuale degli Operativi di Astre Italia. Si tratta di un appuntamento di rilievo per i professionisti del settore logistico e del trasporto. Operatori, soci e collaboratori si sono riuniti con l&#8217;obiettivo di promuovere&#8230;<\/p>\n","protected":false},"author":5,"featured_media":3139,"comment_status":"open","ping_status":"open","sticky":false,"template":"","format":"standard","meta":{"footnotes":""},"categories":[1,8],"tags":[9,246],"class_list":["post-3136","post","type-post","status-publish","format-standard","has-post-thumbnail","hentry","category-news_interne","category-news_esterne","tag-astre-italia","tag-formazione-autotrasporto"],"acf":[],"_links":{"self":[{"href":"https:\/\/www.astreitalia.it\/index.php\/wp-json\/wp\/v2\/posts\/3136","targetHints":{"allow":["GET"]}}],"collection":[{"href":"https:\/\/www.astreitalia.it\/index.php\/wp-json\/wp\/v2\/posts"}],"about":[{"href":"https:\/\/www.astreitalia.it\/index.php\/wp-json\/wp\/v2\/types\/post"}],"author":[{"embeddable":true,"href":"https:\/\/www.astreitalia.it\/index.php\/wp-json\/wp\/v2\/users\/5"}],"replies":[{"embeddable":true,"href":"https:\/\/www.astreitalia.it\/index.php\/wp-json\/wp\/v2\/comments?post=3136"}],"version-history":[{"count":5,"href":"https:\/\/www.astreitalia.it\/index.php\/wp-json\/wp\/v2\/posts\/3136\/revisions"}],"predecessor-version":[{"id":3144,"href":"https:\/\/www.astreitalia.it\/index.php\/wp-json\/wp\/v2\/posts\/3136\/revisions\/3144"}],"wp:featuredmedia":[{"embeddable":true,"href":"https:\/\/www.astreitalia.it\/index.php\/wp-json\/wp\/v2\/media\/3139"}],"wp:attachment":[{"href":"https:\/\/www.astreitalia.it\/index.php\/wp-json\/wp\/v2\/media?parent=3136"}],"wp:term":[{"taxonomy":"category","embeddable":true,"href":"https:\/\/www.astreitalia.it\/index.php\/wp-json\/wp\/v2\/categories?post=3136"},{"taxonomy":"post_tag","embeddable":true,"href":"https:\/\/www.astreitalia.it\/index.php\/wp-json\/wp\/v2\/tags?post=3136"}],"curies":[{"name":"wp","href":"https:\/\/api.w.org\/{rel}","templated":true}]}}