{"id":3089,"date":"2024-09-24T09:59:18","date_gmt":"2024-09-24T09:59:18","guid":{"rendered":"https:\/\/www.astreitalia.it\/?p=3089"},"modified":"2024-09-26T10:23:27","modified_gmt":"2024-09-26T10:23:27","slug":"astre-e-federtrasporti-avvio-di-una-nuova-partnership","status":"publish","type":"post","link":"https:\/\/www.astreitalia.it\/index.php\/2024\/09\/24\/astre-e-federtrasporti-avvio-di-una-nuova-partnership\/","title":{"rendered":"Astre e Federtrasporti: avvio di una nuova  partnership"},"content":{"rendered":"<p>Federtrasporti e Astre Italia uniscono le forze. I due principali raggruppamenti di aziende italiane del mondo dell\u2019autotrasporto e della logistica iniziano una collaborazione strategica.<\/p>\n<p class=\"p1\">Un protocollo d\u2019intesta stilato tra i due principali raggruppamenti dell\u2019autotrasporto e della logistica apre la strada ad una collaborazione finalizzata a generare maggiore competitivit\u00e0 mediante lo sviluppo di gruppo di \u00a0acquisti ed azioni comuni per acquisizione di posizioni di mercato.<\/p>\n<p>Un primo passo importante, gi\u00e0 formalizzato, riguarda la partecipazione di Astre Italia e di Federtrasporti al capitale di <strong>Resta Srl, societ\u00e0 neocostituita allo scopo di portare in Italia le attivit\u00e0 della borsa noli B2P.\u00a0<\/strong>Chi volesse scoprire di pi\u00f9 sulle attivit\u00e0 di Resta Italia pu\u00f2 leggere\u00a0<a href=\"https:\/\/www.astreitalia.it\/index.php\/2024\/09\/17\/nasce-resta-italia-la-societa-che-distribuira-la-borsa-noli-dei-trasportatori\/\">Nasce Resta Italia: la societ\u00e0 che distribuir\u00e0 la borsa noli dei trasportatori<\/a><\/p>\n<p>Le due realt\u00e0 associate possono vantare una flotta di 7.000 camion, 650 mila metri quadri di infrastrutture e un fatturato che supera i 1,1 miliardi di euro.<\/p>\n<p>Una forza impressionante sul mercato italiano che potr\u00e0 diventare riferimento imprescindibile per il settore.<\/p>\n<h3>Le ragioni della partnership<\/h3>\n<p>Per conservare capacit\u00e0 competitiva si rende necessario disporre di un notevole peso dimensionale.\u00a0 Astre Italia e Federtrasporti, perci\u00f2, hanno analizzato l\u2019attuale congiuntura di mercato, segnata da una marcata concentrazione societaria, con un numero ristretto di grandi aziende che controllano parti crescenti della domanda di trasporto e individuato la soluzione.<\/p>\n<p>Hanno cos\u00ec deciso di dare origine a un<strong> mega-raggruppamento, in grado di conquistare un posto di primo piano nel comparto del trasporto e della logistica.<\/strong><\/p>\n<h3>Le attivit\u00e0 congiunte di Astre e Fedetrasporti<\/h3>\n<p>Oltre alle normali attivit\u00e0 di trasporto e logistica il protocollo d&#8217;intesa rende possibile gestire insieme, in maniera condivisa, i \u00a0servizi assicurativi e la formazione del personale. Ma anche gestire gli acquisti di strumenti utili all\u2019attivit\u00e0 con l\u2019obiettivo di ottimizzare i costi fino ad arrivare all\u2019offerta comune dei servizi logistici nelle aree di specializzazione delle due realt\u00e0.<\/p>\n<h4>La soddisfazione dei rispettivi Presidenti<\/h4>\n<p>\u00ab<em>Dopo decenni trascorsi a tutelare la dignit\u00e0 e l\u2019operativit\u00e0 dei nostri associati, pensiamo sia giunto il tempo di fare un passo in avanti<\/em> \u2013 ha commentato <strong>Claudio Villa, Presidente di Federtrasporti<\/strong> &#8211; <em>Attraverso le sinergie con un altro raggruppamento riteniamo di poter conquistare le opportunit\u00e0 e le ottimizzazioni che le grandi aziende riescono ad ottenere. \u00c8 un prerequisito per conservare la nostra capacit\u00e0 competitiva<\/em>\u00bb.<\/p>\n<p>\u00ab<em>L&#8217;accordo con Federtrasporti<\/em> \u2013 ha commentato <strong>Giuseppe Curcio, Presidente di Astre Italia<\/strong> &#8211;\u00a0<em>Rappresenta il punto di partenza rispetto ad un percorso che certamente sar\u00e0 non poco impegnativo ma che, come le dinamiche anche del nostro settore ci stanno insegnando, \u00e8 diventato necessario. Una sinergia tra i due principali raggruppamenti di aziende del settore, con l&#8217;obiettivo di ottimizzare i servizi disponibili e sviluppare nuove opportunit\u00e0 di business nel mondo dei trasporti e della logistica a respiro non solo domestico ma anche e soprattutto internazionale grazie all\u2019apporto della Rete Europea Astre\u00bb.<\/em><\/p>\n","protected":false},"excerpt":{"rendered":"<p>Federtrasporti e Astre Italia uniscono le forze. I due principali raggruppamenti di aziende italiane del mondo dell\u2019autotrasporto e della logistica iniziano una collaborazione strategica. Un protocollo d\u2019intesta stilato tra i due principali raggruppamenti dell\u2019autotrasporto e della logistica apre la strada ad una collaborazione finalizzata a&#8230;<\/p>\n","protected":false},"author":5,"featured_media":3090,"comment_status":"open","ping_status":"open","sticky":false,"template":"","format":"standard","meta":{"footnotes":""},"categories":[1,8],"tags":[245],"class_list":["post-3089","post","type-post","status-publish","format-standard","has-post-thumbnail","hentry","category-news_interne","category-news_esterne","tag-logistica-e-trasporti"],"acf":[],"_links":{"self":[{"href":"https:\/\/www.astreitalia.it\/index.php\/wp-json\/wp\/v2\/posts\/3089","targetHints":{"allow":["GET"]}}],"collection":[{"href":"https:\/\/www.astreitalia.it\/index.php\/wp-json\/wp\/v2\/posts"}],"about":[{"href":"https:\/\/www.astreitalia.it\/index.php\/wp-json\/wp\/v2\/types\/post"}],"author":[{"embeddable":true,"href":"https:\/\/www.astreitalia.it\/index.php\/wp-json\/wp\/v2\/users\/5"}],"replies":[{"embeddable":true,"href":"https:\/\/www.astreitalia.it\/index.php\/wp-json\/wp\/v2\/comments?post=3089"}],"version-history":[{"count":4,"href":"https:\/\/www.astreitalia.it\/index.php\/wp-json\/wp\/v2\/posts\/3089\/revisions"}],"predecessor-version":[{"id":3098,"href":"https:\/\/www.astreitalia.it\/index.php\/wp-json\/wp\/v2\/posts\/3089\/revisions\/3098"}],"wp:featuredmedia":[{"embeddable":true,"href":"https:\/\/www.astreitalia.it\/index.php\/wp-json\/wp\/v2\/media\/3090"}],"wp:attachment":[{"href":"https:\/\/www.astreitalia.it\/index.php\/wp-json\/wp\/v2\/media?parent=3089"}],"wp:term":[{"taxonomy":"category","embeddable":true,"href":"https:\/\/www.astreitalia.it\/index.php\/wp-json\/wp\/v2\/categories?post=3089"},{"taxonomy":"post_tag","embeddable":true,"href":"https:\/\/www.astreitalia.it\/index.php\/wp-json\/wp\/v2\/tags?post=3089"}],"curies":[{"name":"wp","href":"https:\/\/api.w.org\/{rel}","templated":true}]}}