{"id":2802,"date":"2024-02-21T11:08:30","date_gmt":"2024-02-21T11:08:30","guid":{"rendered":"https:\/\/www.astreitalia.it\/?p=2802"},"modified":"2024-02-21T11:11:00","modified_gmt":"2024-02-21T11:11:00","slug":"alessio-guizzetti-autotrasporti-cambianica-diventare-autista-una-scelta-che-rifarei","status":"publish","type":"post","link":"https:\/\/www.astreitalia.it\/index.php\/2024\/02\/21\/alessio-guizzetti-autotrasporti-cambianica-diventare-autista-una-scelta-che-rifarei\/","title":{"rendered":"Alessio Guizzetti (Autotrasporti Cambianica): \u201cDiventare autista? Una scelta che rifarei\u201d"},"content":{"rendered":"<p>\u201cSono diventato <strong>autista<\/strong> di camion il 9 marzo 1987, ricordo perfettamente la data perch\u00e9 \u00e8 il giorno successivo al termine del mio servizio militare\u201d. Cos\u00ec <strong>Alessio Guizzetti,<\/strong> uno degli autisti della flotta dell\u2019azienda <strong>Autotrasporti Cambianica,<\/strong> inizia il racconto del suo percorso professionale.<\/p>\n<p>I mezzi pesanti sono presenti nella vita di <strong>Guizzetti<\/strong> fin dai suoi primi anni di vita: \u201cSono cresciuto in mezzo ai <strong>camion<\/strong>, tra i mezzi della ditta di autotrasporto di mio zio. L\u00ec trascorrevo molto tempo libero, comprese le vacanze scolastiche; ho fatto molti viaggi in compagnia dei miei parenti. Mettermi alla guida di uno di questi grandi mezzi, quindi, \u00e8 stata una scelta naturale e spontanea. Alla fine del servizio militare ho acquisito la certificazione professionale necessaria all\u2019epoca, oggi conosciuta come CQC, e da allora non sono pi\u00f9 sceso dal tir\u201d.<\/p>\n<p><img fetchpriority=\"high\" decoding=\"async\" class=\"alignnone size-medium wp-image-2806\" src=\"https:\/\/www.astreitalia.it\/wp-content\/uploads\/2024\/02\/interna-guizzetti-2-257x300.jpg\" alt=\"\" width=\"257\" height=\"300\" srcset=\"https:\/\/www.astreitalia.it\/wp-content\/uploads\/2024\/02\/interna-guizzetti-2-257x300.jpg 257w, https:\/\/www.astreitalia.it\/wp-content\/uploads\/2024\/02\/interna-guizzetti-2-700x817.jpg 700w, https:\/\/www.astreitalia.it\/wp-content\/uploads\/2024\/02\/interna-guizzetti-2.jpg 768w\" sizes=\"(max-width: 257px) 100vw, 257px\" \/><\/p>\n<p><em>Ci pu\u00f2 dire cosa \u00e8 cambiato in tutti questi anni nella sua professione?<\/em><\/p>\n<p>\u201cAll\u2019epoca era molto difficile guidare un camion, oggi ci sono molte <strong>comodit\u00e0<\/strong>. Posso dire per\u00f2 che prima c\u2019era pi\u00f9 <strong>solidariet\u00e0<\/strong> tra colleghi: senza cellulari e navigatori barcamenarsi sulle strade era difficile. Ci muovevamo solo con cartine analogiche e con il supporto della ricetrasmittente CB, nota come \u2018baracchino\u2019. Era per certi aspetti pi\u00f9 divertente, pi\u00f9 formativo, pi\u00f9 romantico e avventuroso. Fin da subito ho cominciato a viaggiare sulle tratte verso l\u2019estero e potevo contare su una buona rete di <strong>supporto<\/strong> da parte di altri autisti italiani, ci si dava informazioni e consigli. Oggi abbiamo il supporto costante della <strong>tecnologia<\/strong> ma riscontro molta meno solidariet\u00e0, pi\u00f9 <strong>individualismo<\/strong>\u201d.<\/p>\n<p><em>In che modo le innovazioni tecnologiche hanno modificato la guida?<\/em><\/p>\n<p>\u201cLa tecnologia ha rivoluzionato tutto, ora ci aiuta tantissimo nella guida. Sono stati fatti grandi passi avanti per la <strong>sicurezza<\/strong>, \u00e8 diventato tutto pi\u00f9 facile e pi\u00f9 piacevole dal punto di vista pratico. Il mezzo frena da solo, vari dispositivi ci segnalano spostamenti, ostacoli e problemi. Posso dire che rispetto al passato il bilancio \u00e8 pi\u00f9 che positivo: ci sono anche<strong> controlli pi\u00f9 approfonditi<\/strong> da parte delle Forze dell\u2019ordine, rispetto alle ore di guida ad esempio. Siamo <strong>pi\u00f9 sicuri e tutelati,<\/strong> \u00e8 migliorata anche la rete <strong>infrastrutturale<\/strong>. Anche se purtroppo per\u00f2 continuiamo a non essere sempre ben visti dagli altri automobilisti&#8230;\u201d<\/p>\n<p><img decoding=\"async\" class=\"alignnone size-medium wp-image-2807\" src=\"https:\/\/www.astreitalia.it\/wp-content\/uploads\/2024\/02\/cambianica-tir-300x169.jpg\" alt=\"\" width=\"300\" height=\"169\" srcset=\"https:\/\/www.astreitalia.it\/wp-content\/uploads\/2024\/02\/cambianica-tir-300x169.jpg 300w, https:\/\/www.astreitalia.it\/wp-content\/uploads\/2024\/02\/cambianica-tir-768x432.jpg 768w, https:\/\/www.astreitalia.it\/wp-content\/uploads\/2024\/02\/cambianica-tir-700x393.jpg 700w, https:\/\/www.astreitalia.it\/wp-content\/uploads\/2024\/02\/cambianica-tir-539x303.jpg 539w, https:\/\/www.astreitalia.it\/wp-content\/uploads\/2024\/02\/cambianica-tir.jpg 1000w\" sizes=\"(max-width: 300px) 100vw, 300px\" \/><\/p>\n<p><em>Definirebbe attrattiva oggi questa professione per i giovani?<\/em><\/p>\n<p>\u201cNel complesso s\u00ec. Anche se i costi per la <strong>formazione<\/strong> sono alti. Superato questo scoglio per\u00f2, si pu\u00f2 contare su una buona <strong>retribuzione<\/strong>, superiore alla media di molte altre professioni. Inoltre, \u00e8 un mestiere che ti rende <strong>indipendente<\/strong>, ti insegna a stare al mondo. Si pu\u00f2 apprezzare la <strong>libert\u00e0<\/strong>: sul proprio mezzo si \u00e8 liberi di gestire tempo e lavoro in <strong>autonomia<\/strong>. Con la giusta organizzazione delle pause \u00e8 possibile avere molta pi\u00f9 libert\u00e0 rispetto a un lavoro standard. Io consiglierei la mia professione a un giovane,<strong> tant\u2019\u00e8 che oggi la sceglierei di nuovo.<\/strong> Rimpiango solo il fatto di aver perso alcuni momenti con la mia famiglia, anche se poi potevo trascorrere con loro i weekend. Ma il mio bilancio complessivo \u00e8 positivo: ho avuto una sorta <strong>imprinting<\/strong> nell\u2019infanzia e questi grandi mezzi non hanno mai smesso di esercitare un grande fascino su di me\u201d.<\/p>\n<p><img decoding=\"async\" class=\"alignnone size-medium wp-image-2805\" src=\"https:\/\/www.astreitalia.it\/wp-content\/uploads\/2024\/02\/guizzetti-interna-225x300.jpg\" alt=\"\" width=\"225\" height=\"300\" srcset=\"https:\/\/www.astreitalia.it\/wp-content\/uploads\/2024\/02\/guizzetti-interna-225x300.jpg 225w, https:\/\/www.astreitalia.it\/wp-content\/uploads\/2024\/02\/guizzetti-interna-768x1024.jpg 768w, https:\/\/www.astreitalia.it\/wp-content\/uploads\/2024\/02\/guizzetti-interna-1152x1536.jpg 1152w, https:\/\/www.astreitalia.it\/wp-content\/uploads\/2024\/02\/guizzetti-interna-1536x2048.jpg 1536w, https:\/\/www.astreitalia.it\/wp-content\/uploads\/2024\/02\/guizzetti-interna-600x800.jpg 600w, https:\/\/www.astreitalia.it\/wp-content\/uploads\/2024\/02\/guizzetti-interna-700x933.jpg 700w, https:\/\/www.astreitalia.it\/wp-content\/uploads\/2024\/02\/guizzetti-interna-scaled.jpg 1920w\" sizes=\"(max-width: 225px) 100vw, 225px\" \/><\/p>\n","protected":false},"excerpt":{"rendered":"<p>\u201cSono diventato autista di camion il 9 marzo 1987, ricordo perfettamente la data perch\u00e9 \u00e8 il giorno successivo al termine del mio servizio militare\u201d. Cos\u00ec Alessio Guizzetti, uno degli autisti della flotta dell\u2019azienda Autotrasporti Cambianica, inizia il racconto del suo percorso professionale. I mezzi pesanti&#8230;<\/p>\n","protected":false},"author":5,"featured_media":2809,"comment_status":"open","ping_status":"open","sticky":false,"template":"","format":"standard","meta":{"footnotes":""},"categories":[1],"tags":[9,230,17,274],"class_list":["post-2802","post","type-post","status-publish","format-standard","has-post-thumbnail","hentry","category-news_interne","tag-astre-italia","tag-autisti","tag-autotrasporto","tag-interviste"],"acf":[],"_links":{"self":[{"href":"https:\/\/www.astreitalia.it\/index.php\/wp-json\/wp\/v2\/posts\/2802","targetHints":{"allow":["GET"]}}],"collection":[{"href":"https:\/\/www.astreitalia.it\/index.php\/wp-json\/wp\/v2\/posts"}],"about":[{"href":"https:\/\/www.astreitalia.it\/index.php\/wp-json\/wp\/v2\/types\/post"}],"author":[{"embeddable":true,"href":"https:\/\/www.astreitalia.it\/index.php\/wp-json\/wp\/v2\/users\/5"}],"replies":[{"embeddable":true,"href":"https:\/\/www.astreitalia.it\/index.php\/wp-json\/wp\/v2\/comments?post=2802"}],"version-history":[{"count":1,"href":"https:\/\/www.astreitalia.it\/index.php\/wp-json\/wp\/v2\/posts\/2802\/revisions"}],"predecessor-version":[{"id":2808,"href":"https:\/\/www.astreitalia.it\/index.php\/wp-json\/wp\/v2\/posts\/2802\/revisions\/2808"}],"wp:featuredmedia":[{"embeddable":true,"href":"https:\/\/www.astreitalia.it\/index.php\/wp-json\/wp\/v2\/media\/2809"}],"wp:attachment":[{"href":"https:\/\/www.astreitalia.it\/index.php\/wp-json\/wp\/v2\/media?parent=2802"}],"wp:term":[{"taxonomy":"category","embeddable":true,"href":"https:\/\/www.astreitalia.it\/index.php\/wp-json\/wp\/v2\/categories?post=2802"},{"taxonomy":"post_tag","embeddable":true,"href":"https:\/\/www.astreitalia.it\/index.php\/wp-json\/wp\/v2\/tags?post=2802"}],"curies":[{"name":"wp","href":"https:\/\/api.w.org\/{rel}","templated":true}]}}