{"id":2731,"date":"2024-01-08T13:47:06","date_gmt":"2024-01-08T13:47:06","guid":{"rendered":"https:\/\/www.astreitalia.it\/?p=2731"},"modified":"2024-01-08T13:47:06","modified_gmt":"2024-01-08T13:47:06","slug":"spagna-verso-lautorizzazione-alla-circolazione-del-doppio-semirimorchio","status":"publish","type":"post","link":"https:\/\/www.astreitalia.it\/index.php\/2024\/01\/08\/spagna-verso-lautorizzazione-alla-circolazione-del-doppio-semirimorchio\/","title":{"rendered":"Spagna: verso l\u2019autorizzazione alla circolazione del doppio semirimorchio"},"content":{"rendered":"<p><strong>L\u2019ente spagnolo DGT Direcci\u00f3n General de Tr\u00e1fico<\/strong> \u00e8 pronto ad autorizzare la circolazione di complessi veicolari formati da <strong>un trattore stradale e da due semirimorchi (dual trailer).<br \/>\n<\/strong>Lo ha comunicato l\u2019associazione degli autotrasportatori spagnoli <strong>Fenadismer<\/strong>, precisando che l\u2019ente governativo che regola la circolazione stradale ha fornito istruzioni in attesa della modifica normativa.<\/p>\n<p>Il <strong>doppio semirimorchio<\/strong> \u00e8 formato da un trattore stradale e da due semirimorchi con un limite massimo <strong>in lunghezza di 32 metri e in massa complessiva di 72 tonnellate:<\/strong> attualmente la circolazione non \u00e8 ancora stata autorizzata ufficialmente dalla legge spagnola, nonostante dal 2018 siano stati effettuati diversi testi su strada con questa tipologia di mezzo.<\/p>\n<p>La normativa relativa a questo tipo di complesso veicolare stava per essere approvata e inserita nel <strong>Reglamento General de Veh\u00edculos<\/strong> durante la precedente legislatura, ma l&#8217;anticipo elettorale ne ha impedito l&#8217;approvazione.<\/p>\n<p>La <strong>DGT<\/strong> ha motivato la sua scelta spiegando che dopo cinque anni di sviluppo delle sperimentazioni, vi siano sufficienti conoscenze ed esperienze per poter affermare che il settore dell\u2019autotrasporto \u00e8 pronto per l\u2019utilizzo regolare di questi veicoli.<\/p>\n","protected":false},"excerpt":{"rendered":"<p>L\u2019ente spagnolo DGT Direcci\u00f3n General de Tr\u00e1fico \u00e8 pronto ad autorizzare la circolazione di complessi veicolari formati da un trattore stradale e da due semirimorchi (dual trailer). Lo ha comunicato l\u2019associazione degli autotrasportatori spagnoli Fenadismer, precisando che l\u2019ente governativo che regola la circolazione stradale ha&#8230;<\/p>\n","protected":false},"author":5,"featured_media":2732,"comment_status":"open","ping_status":"open","sticky":false,"template":"","format":"standard","meta":{"footnotes":""},"categories":[8],"tags":[269,270],"class_list":["post-2731","post","type-post","status-publish","format-standard","has-post-thumbnail","hentry","category-news_esterne","tag-doppio-semirimorchio","tag-spagna"],"acf":[],"_links":{"self":[{"href":"https:\/\/www.astreitalia.it\/index.php\/wp-json\/wp\/v2\/posts\/2731","targetHints":{"allow":["GET"]}}],"collection":[{"href":"https:\/\/www.astreitalia.it\/index.php\/wp-json\/wp\/v2\/posts"}],"about":[{"href":"https:\/\/www.astreitalia.it\/index.php\/wp-json\/wp\/v2\/types\/post"}],"author":[{"embeddable":true,"href":"https:\/\/www.astreitalia.it\/index.php\/wp-json\/wp\/v2\/users\/5"}],"replies":[{"embeddable":true,"href":"https:\/\/www.astreitalia.it\/index.php\/wp-json\/wp\/v2\/comments?post=2731"}],"version-history":[{"count":1,"href":"https:\/\/www.astreitalia.it\/index.php\/wp-json\/wp\/v2\/posts\/2731\/revisions"}],"predecessor-version":[{"id":2733,"href":"https:\/\/www.astreitalia.it\/index.php\/wp-json\/wp\/v2\/posts\/2731\/revisions\/2733"}],"wp:featuredmedia":[{"embeddable":true,"href":"https:\/\/www.astreitalia.it\/index.php\/wp-json\/wp\/v2\/media\/2732"}],"wp:attachment":[{"href":"https:\/\/www.astreitalia.it\/index.php\/wp-json\/wp\/v2\/media?parent=2731"}],"wp:term":[{"taxonomy":"category","embeddable":true,"href":"https:\/\/www.astreitalia.it\/index.php\/wp-json\/wp\/v2\/categories?post=2731"},{"taxonomy":"post_tag","embeddable":true,"href":"https:\/\/www.astreitalia.it\/index.php\/wp-json\/wp\/v2\/tags?post=2731"}],"curies":[{"name":"wp","href":"https:\/\/api.w.org\/{rel}","templated":true}]}}