{"id":2620,"date":"2023-11-09T13:21:02","date_gmt":"2023-11-09T13:21:02","guid":{"rendered":"https:\/\/www.astreitalia.it\/?p=2620"},"modified":"2023-11-09T14:26:06","modified_gmt":"2023-11-09T14:26:06","slug":"astre-italia-lancia-il-primo-drivers-challenge","status":"publish","type":"post","link":"https:\/\/www.astreitalia.it\/index.php\/2023\/11\/09\/astre-italia-lancia-il-primo-drivers-challenge\/","title":{"rendered":"ASTRE Italia lancia la prima Drivers Challenge"},"content":{"rendered":"<p style=\"font-weight: 400;\">Nel corso del\u00a0<strong>Congresso dei Collaboratori 2023\u00a0<\/strong>che si \u00e8 svolto il 28 ottobre,\u00a0<strong>ASTRE Italia<\/strong>\u00a0ha lanciato una nuova iniziativa che ha visto protagonisti &#8211; per la prima volta &#8211;\u00a0<strong>i conducenti dei camion<\/strong>\u00a0delle flotte astriane.<\/p>\n<p style=\"font-weight: 400;\"><strong>La prima &#8220;Drivers Challenge&#8221; di ASTRE Italia <\/strong>\u00e8 nata con l\u2019obiettivo di valorizzare le figure degli autisti e il loro ruolo di primo piano all\u2019interno delle aziende e della <strong>Rete<\/strong>.<\/p>\n<p><img fetchpriority=\"high\" decoding=\"async\" class=\"alignnone size-medium wp-image-2626\" src=\"https:\/\/www.astreitalia.it\/wp-content\/uploads\/2023\/11\/merc-training-225x300.jpg\" alt=\"\" width=\"225\" height=\"300\" srcset=\"https:\/\/www.astreitalia.it\/wp-content\/uploads\/2023\/11\/merc-training-225x300.jpg 225w, https:\/\/www.astreitalia.it\/wp-content\/uploads\/2023\/11\/merc-training-768x1024.jpg 768w, https:\/\/www.astreitalia.it\/wp-content\/uploads\/2023\/11\/merc-training-600x800.jpg 600w, https:\/\/www.astreitalia.it\/wp-content\/uploads\/2023\/11\/merc-training-700x933.jpg 700w, https:\/\/www.astreitalia.it\/wp-content\/uploads\/2023\/11\/merc-training.jpg 1000w\" sizes=\"(max-width: 225px) 100vw, 225px\" \/><\/p>\n<p style=\"font-weight: 400;\">L\u2019appuntamento si \u00e8 svolto in partnership con\u00a0<strong>Mercedes<\/strong>\u00a0che ha messo a disposizione i suoi mezzi per le prove. In particolare, gli autisti hanno potuto testare su circuito le caratteristiche dell\u2019<strong>eActros City Tractor 300 elettrico.<\/strong><\/p>\n<p style=\"font-weight: 400;\">L\u2019iniziativa\u00a0\u00e8 stata accolta favorevolmente da parte dei conducenti, i quali hanno affrontato con entusiasmo\u00a0<strong>le prove di abilit\u00e0 alla guida<\/strong>.<\/p>\n<p><img decoding=\"async\" class=\"alignnone size-medium wp-image-2622\" src=\"https:\/\/www.astreitalia.it\/wp-content\/uploads\/2023\/11\/camion-test-300x225.jpg\" alt=\"\" width=\"300\" height=\"225\" srcset=\"https:\/\/www.astreitalia.it\/wp-content\/uploads\/2023\/11\/camion-test-300x225.jpg 300w, https:\/\/www.astreitalia.it\/wp-content\/uploads\/2023\/11\/camion-test-768x576.jpg 768w, https:\/\/www.astreitalia.it\/wp-content\/uploads\/2023\/11\/camion-test-800x600.jpg 800w, https:\/\/www.astreitalia.it\/wp-content\/uploads\/2023\/11\/camion-test-700x525.jpg 700w, https:\/\/www.astreitalia.it\/wp-content\/uploads\/2023\/11\/camion-test.jpg 1000w\" sizes=\"(max-width: 300px) 100vw, 300px\" \/><\/p>\n<p style=\"font-weight: 400;\">\u201cQuest\u2019anno il progetto di\u00a0<strong>sviluppo di ASTRE<\/strong>\u00a0<strong>Italia<\/strong>\u00a0ha coinvolto anche gli\u00a0<strong>autisti\u00a0<\/strong>\u2013 ha dichiarato il presidente\u00a0<strong>Giuseppe Curcio &#8211;<\/strong>\u00a0nell\u2019ottica di valorizzare il ruolo dei collaboratori che rappresentano\u00a0<strong>il biglietto da visita<\/strong>\u00a0di tutto il\u00a0<strong>Raggruppamento<\/strong>\u00a0e che ci aiutano a costruire la nostra\u00a0<strong>identit\u00e0<\/strong>\u00a0muovendo le flotte sulle strade italiane ed europee<strong>.<\/strong>\u00a0L\u2019evento, che ha riscosso un notevole successo tra gli autisti, nasce per contribuire a migliorare la\u00a0<strong>competenza professionale\u00a0<\/strong>ma anche il\u00a0<strong>benessere<\/strong>\u00a0personale degli\u00a0<strong>autotrasportatori<\/strong>. Il nostro impegno per il futuro dell\u2019iniziativa, che diventer\u00e0 annuale, sar\u00e0 quello di coinvolgere sempre di pi\u00f9 aziende e autisti per ampliare questo spazio\u201d.<\/p>\n<p><img decoding=\"async\" class=\"alignnone size-medium wp-image-2629\" src=\"https:\/\/www.astreitalia.it\/wp-content\/uploads\/2023\/11\/curcio-nuova-300x182.jpg\" alt=\"\" width=\"300\" height=\"182\" srcset=\"https:\/\/www.astreitalia.it\/wp-content\/uploads\/2023\/11\/curcio-nuova-300x182.jpg 300w, https:\/\/www.astreitalia.it\/wp-content\/uploads\/2023\/11\/curcio-nuova-1024x620.jpg 1024w, https:\/\/www.astreitalia.it\/wp-content\/uploads\/2023\/11\/curcio-nuova-768x465.jpg 768w, https:\/\/www.astreitalia.it\/wp-content\/uploads\/2023\/11\/curcio-nuova-700x424.jpg 700w, https:\/\/www.astreitalia.it\/wp-content\/uploads\/2023\/11\/curcio-nuova.jpg 1276w\" sizes=\"(max-width: 300px) 100vw, 300px\" \/><\/p>\n<p><img loading=\"lazy\" decoding=\"async\" class=\"alignnone size-medium wp-image-2625\" src=\"https:\/\/www.astreitalia.it\/wp-content\/uploads\/2023\/11\/plus-300x225.jpg\" alt=\"\" width=\"300\" height=\"225\" srcset=\"https:\/\/www.astreitalia.it\/wp-content\/uploads\/2023\/11\/plus-300x225.jpg 300w, https:\/\/www.astreitalia.it\/wp-content\/uploads\/2023\/11\/plus-768x576.jpg 768w, https:\/\/www.astreitalia.it\/wp-content\/uploads\/2023\/11\/plus-800x600.jpg 800w, https:\/\/www.astreitalia.it\/wp-content\/uploads\/2023\/11\/plus-700x525.jpg 700w, https:\/\/www.astreitalia.it\/wp-content\/uploads\/2023\/11\/plus.jpg 1000w\" sizes=\"(max-width: 300px) 100vw, 300px\" \/><\/p>\n<p style=\"font-weight: 400;\">Il progetto riveste una particolare importanza anche in considerazione delle\u00a0difficolt\u00e0 che vive il comparto\u00a0<strong>autotrasporto<\/strong>\u00a0a causa\u00a0<strong>della carenza del numero di camionisti<\/strong>.\u00a0<strong>ASTRE Italia<\/strong>\u00a0vuole dare il giusto risalto ai vantaggi e alle opportunit\u00e0 che offre questa professione, anche mettendo in luce\u00a0<strong>le novit\u00e0 tecnologiche<\/strong>\u00a0che stanno rivoluzionando la\u00a0<strong>guida dei mezzi pesanti.<\/strong><\/p>\n<p><img loading=\"lazy\" decoding=\"async\" class=\"alignnone size-medium wp-image-2623\" src=\"https:\/\/www.astreitalia.it\/wp-content\/uploads\/2023\/11\/abilita-300x225.jpg\" alt=\"\" width=\"300\" height=\"225\" srcset=\"https:\/\/www.astreitalia.it\/wp-content\/uploads\/2023\/11\/abilita-300x225.jpg 300w, https:\/\/www.astreitalia.it\/wp-content\/uploads\/2023\/11\/abilita-768x576.jpg 768w, https:\/\/www.astreitalia.it\/wp-content\/uploads\/2023\/11\/abilita-800x600.jpg 800w, https:\/\/www.astreitalia.it\/wp-content\/uploads\/2023\/11\/abilita-700x525.jpg 700w, https:\/\/www.astreitalia.it\/wp-content\/uploads\/2023\/11\/abilita.jpg 1000w\" sizes=\"(max-width: 300px) 100vw, 300px\" \/><\/p>\n<p><img loading=\"lazy\" decoding=\"async\" class=\"alignnone size-medium wp-image-2627\" src=\"https:\/\/www.astreitalia.it\/wp-content\/uploads\/2023\/11\/astriani-300x225.jpg\" alt=\"\" width=\"300\" height=\"225\" srcset=\"https:\/\/www.astreitalia.it\/wp-content\/uploads\/2023\/11\/astriani-300x225.jpg 300w, https:\/\/www.astreitalia.it\/wp-content\/uploads\/2023\/11\/astriani-768x576.jpg 768w, https:\/\/www.astreitalia.it\/wp-content\/uploads\/2023\/11\/astriani-800x600.jpg 800w, https:\/\/www.astreitalia.it\/wp-content\/uploads\/2023\/11\/astriani-700x525.jpg 700w, https:\/\/www.astreitalia.it\/wp-content\/uploads\/2023\/11\/astriani.jpg 1000w\" sizes=\"(max-width: 300px) 100vw, 300px\" \/><\/p>\n<h2 style=\"font-weight: 400;\"><strong>La classifica<\/strong><\/h2>\n<p style=\"font-weight: 400;\">La\u00a0<strong>Drivers Challenge 2023\u00a0<\/strong>\u00e8 stata strutturata<strong>\u00a0<\/strong>attraverso alcune prove su un circuito concepito per testare\u00a0<strong>le abilit\u00e0 di guida<\/strong>\u00a0degli autisti in materia di\u00a0<strong>sicurezza stradale, esecuzione di manovre complesse e risparmio di carburante.<\/strong><\/p>\n<p style=\"font-weight: 400;\"><strong><br \/>\n<\/strong>Ecco la\u00a0<strong>classifica generale:<\/strong><\/p>\n<p style=\"font-weight: 400;\">1\u00a0\u00a0\u00a0\u00a0\u00a0\u00a0\u00a0\u00a0\u00a0 Singh Mandeep AVANZINI<\/p>\n<p style=\"font-weight: 400;\">2\u00a0\u00a0\u00a0\u00a0\u00a0\u00a0\u00a0\u00a0\u00a0 Finotello Vincenzo BENAZZI<\/p>\n<p style=\"font-weight: 400;\">3\u00a0\u00a0\u00a0\u00a0\u00a0\u00a0\u00a0\u00a0\u00a0 Guizzetti Alessio CAMBIANICA<\/p>\n<p style=\"font-weight: 400;\">4\u00a0\u00a0\u00a0\u00a0\u00a0\u00a0\u00a0\u00a0\u00a0 Ciancio Bruno CAREDIO<\/p>\n<p style=\"font-weight: 400;\">5\u00a0\u00a0\u00a0\u00a0\u00a0\u00a0\u00a0\u00a0\u00a0 Ciancio Giovanni CAREDIO<\/p>\n<p style=\"font-weight: 400;\">6\u00a0\u00a0\u00a0\u00a0\u00a0\u00a0\u00a0\u00a0\u00a0 Anzalone Salvatore CAVALERI<\/p>\n<p style=\"font-weight: 400;\">7\u00a0\u00a0\u00a0\u00a0\u00a0\u00a0\u00a0\u00a0\u00a0 Ciafardini Daniele CINQUINA<\/p>\n<p style=\"font-weight: 400;\">8\u00a0\u00a0\u00a0\u00a0\u00a0\u00a0\u00a0\u00a0\u00a0 De Blasio Raffaele CIRAULO<\/p>\n<p style=\"font-weight: 400;\">9\u00a0\u00a0\u00a0\u00a0\u00a0\u00a0\u00a0\u00a0\u00a0 Trezza Donato CURCIO<\/p>\n<p style=\"font-weight: 400;\">10\u00a0\u00a0\u00a0\u00a0\u00a0\u00a0\u00a0 Filioreanu Aurel CURCIO<\/p>\n<p style=\"font-weight: 400;\">11\u00a0\u00a0\u00a0\u00a0\u00a0\u00a0\u00a0 Lucca Francesco DE ROCCO<\/p>\n<p style=\"font-weight: 400;\">12\u00a0\u00a0\u00a0\u00a0\u00a0\u00a0\u00a0 Bischof Caspar Heinrich Paul PIERRI<\/p>\n<p style=\"font-weight: 400;\">13\u00a0\u00a0\u00a0\u00a0\u00a0\u00a0\u00a0 Santo Massimo SERAPIDE<\/p>\n<p style=\"font-weight: 400;\">14\u00a0\u00a0\u00a0\u00a0\u00a0\u00a0\u00a0 Stochioiu Carmen Mihai SETTI<\/p>\n<p style=\"font-weight: 400;\">15\u00a0\u00a0\u00a0\u00a0\u00a0\u00a0\u00a0 Zeherovic Armin TABOGA<\/p>\n<p style=\"font-weight: 400;\">16\u00a0\u00a0\u00a0\u00a0\u00a0\u00a0\u00a0 Ortolani Riccardo TAURO<\/p>\n<p style=\"font-weight: 400;\">17\u00a0\u00a0\u00a0\u00a0\u00a0\u00a0\u00a0 Mazziotta Antonello TRANSCOOP<\/p>\n<p style=\"font-weight: 400;\">18\u00a0\u00a0\u00a0\u00a0\u00a0\u00a0\u00a0 Monaco Vincenzo TRANSCOOP<\/p>\n<p><img loading=\"lazy\" decoding=\"async\" class=\"alignnone wp-image-2624\" src=\"https:\/\/www.astreitalia.it\/wp-content\/uploads\/2023\/11\/premiati-2-e1699535248748-300x155.jpeg\" alt=\"\" width=\"685\" height=\"354\" srcset=\"https:\/\/www.astreitalia.it\/wp-content\/uploads\/2023\/11\/premiati-2-e1699535248748-300x155.jpeg 300w, https:\/\/www.astreitalia.it\/wp-content\/uploads\/2023\/11\/premiati-2-e1699535248748-1024x527.jpeg 1024w, https:\/\/www.astreitalia.it\/wp-content\/uploads\/2023\/11\/premiati-2-e1699535248748-768x396.jpeg 768w, https:\/\/www.astreitalia.it\/wp-content\/uploads\/2023\/11\/premiati-2-e1699535248748-1536x791.jpeg 1536w, https:\/\/www.astreitalia.it\/wp-content\/uploads\/2023\/11\/premiati-2-e1699535248748-700x361.jpeg 700w, https:\/\/www.astreitalia.it\/wp-content\/uploads\/2023\/11\/premiati-2-e1699535248748.jpeg 1600w\" sizes=\"(max-width: 685px) 100vw, 685px\" \/><\/p>\n<p>&nbsp;<\/p>\n","protected":false},"excerpt":{"rendered":"<p>Nel corso del\u00a0Congresso dei Collaboratori 2023\u00a0che si \u00e8 svolto il 28 ottobre,\u00a0ASTRE Italia\u00a0ha lanciato una nuova iniziativa che ha visto protagonisti &#8211; per la prima volta &#8211;\u00a0i conducenti dei camion\u00a0delle flotte astriane. La prima &#8220;Drivers Challenge&#8221; di ASTRE Italia \u00e8 nata con l\u2019obiettivo di valorizzare&#8230;<\/p>\n","protected":false},"author":5,"featured_media":2631,"comment_status":"open","ping_status":"open","sticky":false,"template":"","format":"standard","meta":{"footnotes":""},"categories":[1],"tags":[256],"class_list":["post-2620","post","type-post","status-publish","format-standard","has-post-thumbnail","hentry","category-news_interne","tag-drivers-challenge-astre-italia"],"acf":[],"_links":{"self":[{"href":"https:\/\/www.astreitalia.it\/index.php\/wp-json\/wp\/v2\/posts\/2620","targetHints":{"allow":["GET"]}}],"collection":[{"href":"https:\/\/www.astreitalia.it\/index.php\/wp-json\/wp\/v2\/posts"}],"about":[{"href":"https:\/\/www.astreitalia.it\/index.php\/wp-json\/wp\/v2\/types\/post"}],"author":[{"embeddable":true,"href":"https:\/\/www.astreitalia.it\/index.php\/wp-json\/wp\/v2\/users\/5"}],"replies":[{"embeddable":true,"href":"https:\/\/www.astreitalia.it\/index.php\/wp-json\/wp\/v2\/comments?post=2620"}],"version-history":[{"count":6,"href":"https:\/\/www.astreitalia.it\/index.php\/wp-json\/wp\/v2\/posts\/2620\/revisions"}],"predecessor-version":[{"id":2638,"href":"https:\/\/www.astreitalia.it\/index.php\/wp-json\/wp\/v2\/posts\/2620\/revisions\/2638"}],"wp:featuredmedia":[{"embeddable":true,"href":"https:\/\/www.astreitalia.it\/index.php\/wp-json\/wp\/v2\/media\/2631"}],"wp:attachment":[{"href":"https:\/\/www.astreitalia.it\/index.php\/wp-json\/wp\/v2\/media?parent=2620"}],"wp:term":[{"taxonomy":"category","embeddable":true,"href":"https:\/\/www.astreitalia.it\/index.php\/wp-json\/wp\/v2\/categories?post=2620"},{"taxonomy":"post_tag","embeddable":true,"href":"https:\/\/www.astreitalia.it\/index.php\/wp-json\/wp\/v2\/tags?post=2620"}],"curies":[{"name":"wp","href":"https:\/\/api.w.org\/{rel}","templated":true}]}}