{"id":1695,"date":"2022-06-03T12:00:04","date_gmt":"2022-06-03T12:00:04","guid":{"rendered":"https:\/\/www.astreitalia.it\/?p=1695"},"modified":"2022-06-03T13:10:44","modified_gmt":"2022-06-03T13:10:44","slug":"al-centro-del-10-congresso-astre-italia-il-futuro-della-rete-europea-delle-pmi-del-trasporto-e-della-logistica","status":"publish","type":"post","link":"https:\/\/www.astreitalia.it\/index.php\/2022\/06\/03\/al-centro-del-10-congresso-astre-italia-il-futuro-della-rete-europea-delle-pmi-del-trasporto-e-della-logistica\/","title":{"rendered":"Al centro del 10\u00b0 Congresso ASTRE Italia il futuro della Rete europea delle PMI del trasporto e della logistica"},"content":{"rendered":"<p>Si \u00e8 svolto a Venezia, il 28 maggio 2022, il 10\u00b0 Congresso <strong>ASTRE Italia<\/strong>. Il network europeo delle PMI del trasporto e della logistica si \u00e8 riunito di nuovo in presenza dopo due anni di stop.<\/p>\n<p>Soci titolari, dirigenti, affiliati plus e partner hanno fatto il punto sul percorso intrapreso finora e sui progetti in atto per lo sviluppo della Rete.<\/p>\n<p><strong>Il Presidente Giuseppe Curcio<\/strong> ha aperto i lavori della riunione plenaria di sabato 28 maggio presentando il <strong>Rapporto Attivit\u00e0 2021<\/strong>. In primo luogo, il Presidente si \u00e8 complimentato con tutta la struttura per <strong>l\u2019importante crescita dell\u2019attivit\u00e0 Regione Italia:<\/strong> nonostante i rallentamenti causati dalla pandemia negli ultimi due anni nel 2021 il Gruppo ha registrato <strong>un fatturato condiviso tra i soci di circa 8 milioni di euro.\u00a0 <\/strong><br \/>\nTra i principali fattori che hanno determinato lo sviluppo della Rete figura <strong>il lavoro delle Commissioni acquisti, <\/strong>costituite da un gruppo di soci, che valutano e stipulano <strong>protocolli con i fornitori<\/strong> a condizioni vantaggiose.<br \/>\n\u201cUn supporto che non si fonda sulla speculazione nei confronti dei fornitori \u2013 ha precisato Curcio \u2013 ma sulle giuste sinergie determinate da percorsi di crescita strutturale, basata su <strong>principi etici inequivocabili condivisi tra fornitori, ASTRE e i Soci. <\/strong>Sono appunto valori come<strong> etica (in primis), mutualit\u00e0, condivisione, collaborazione e rispetto delle regole<\/strong>\u00a0i pilastri su cui si fonda ASTRE e che contribuiscono <strong>al consolidamento<\/strong> <strong>e alla<\/strong> <strong>maturit\u00e0 del Gruppo&#8221;.<\/strong><\/p>\n<p>ASTRE rappresenta un modello unico di aggregazione in Italia che mette insieme piccole e medie imprese e basa tutta la sua attivit\u00e0 sulla <strong>condivisione dei progetti e sull\u2019innovazione dei modelli di business<\/strong>: un disegno concreto testimoniato anche dal successo dalla creazione di servizi come <strong>ASTRE PLUS<\/strong>, la rete interna di gestione dei lotti nata a fine 2018 che ha al momento <strong>49 affiliati.<\/strong><br \/>\n\u201cUn altro fattore che alimenta in modo attivo la crescita del Gruppo <strong>\u00e8 lo scambio tra i soci e tutte le opportunit\u00e0 di business che ne conseguono,<\/strong> considerando l\u2019ampia platea di partner e operatori che fanno parte della Rete \u2013 ha aggiunto il Presidente -. L\u2019aumento consistente del fatturato condiviso sia tra i soci italiani, sia tra i soci europei, lo testimonia\u201d.<br \/>\nFondamentale in questo processo <strong>\u00e8 la garanzia fornita dalla struttura centrale<\/strong> che verifica e monitora i bilanci delle aziende e ne valuta la solidit\u00e0 nonch\u00e9 l\u2019affidabilit\u00e0.<\/p>\n<p>Il Presidente poi ha dato spazio alle iniziative che sono state messe in campo da ASTRE nel 2021, tra queste spiccano<strong> gli annuali incontri tra gli Operativi di ogni singola azienda<\/strong>: momenti di grande importanza strategica dedicati alla <strong>formazione e alla condivisione di strumenti e progetti.<\/strong><\/p>\n<p>Recentemente, inoltre, \u00e8 stato lanciato <strong>il nuovo sito web Astreitalia.it, un ulteriore spazio di condivisione a servizio della Rete.<\/strong><\/p>\n<p>Il quadro, quindi, \u00e8 quello di una realt\u00e0 forte e in crescita confermato dai numeri strutturali di una Rete costituita attualmente da 26 soci, 46 insediamenti sul territorio nazionale, supportata da 220mila m2 di superficie logistica, un fatturato aggregato di 513M di euro e un parco veicoli che oggi ha raggiunto le 4500 unit\u00e0.<\/p>\n<p>Di rilievo anche lo sviluppo del <strong>progetto \u201cOfficina &amp; depannaggio stradale\u201d<\/strong>, la rete di officine e il relativo servizio di assistenza stradale messo a disposizione dagli Astriani (<a href=\"https:\/\/www.google.com\/maps\/d\/viewer?mid=16BekNgQQ9LJCncV7fh5ekNYqsYdM_lC8&amp;ll=44.18135155001187%2C3.754174673437527&amp;z=7\">disponibile a questo link<\/a>), garantito anche da una distribuzione omogenea dei soci sul territorio nazionale.<\/p>\n<p><img fetchpriority=\"high\" decoding=\"async\" class=\"alignnone size-medium wp-image-1698\" src=\"https:\/\/www.astreitalia.it\/wp-content\/uploads\/2022\/06\/congr-astre-300x200.jpg\" alt=\"\" width=\"300\" height=\"200\" srcset=\"https:\/\/www.astreitalia.it\/wp-content\/uploads\/2022\/06\/congr-astre-300x200.jpg 300w, https:\/\/www.astreitalia.it\/wp-content\/uploads\/2022\/06\/congr-astre-768x512.jpg 768w, https:\/\/www.astreitalia.it\/wp-content\/uploads\/2022\/06\/congr-astre-700x467.jpg 700w, https:\/\/www.astreitalia.it\/wp-content\/uploads\/2022\/06\/congr-astre.jpg 1000w\" sizes=\"(max-width: 300px) 100vw, 300px\" \/><\/p>\n<p><strong>I servizi della 1^ Rete europea<\/strong><\/p>\n<p>Sostenere i membri nella quotidianit\u00e0 delle loro attivit\u00e0 \u00e8 tra le missioni principali di <strong>ASTRE<\/strong>. La Community astriana individua e propone soluzioni e servizi per lo sviluppo delle imprese affiliate. Gli obiettivi principali della rete sono stati messi in luce <strong>da Elisabeth Grenin, Amministratrice del Gruppo ASTRE Francia e Presidente Daniel Grenin SAS,<\/strong> nel corso del suo intervento. Grenin ha fornito una panoramica di respiro europeo della Rete, che ad oggi \u00e8 costituita da 5 macro-regioni: Benelux-Uk con 18 soci; Francia 94; Germania, Austria e Svizzera 7; Penisola Iberica 16 e Italia 26.<\/p>\n<p>Una rete ampia e strutturata che pu\u00f2 contare su 3,4 milioni di m2 di magazzini, 153 aziende, 20mila immatricolazioni e 46 Paesi che rientrano nella rete distributiva.<\/p>\n<p>Soluzioni aziendali, know-how, formazione, comunicazione, acquisti, innovazione: <strong>ASTRE<\/strong> fornisce una serie di servizi per i trasporti e la logistica basati su una vasta esperienza acquisita sul campo da professionisti ed esperti del settore.<\/p>\n<p><strong>Christophe De Korver, Direttore di Rete ASTRE Francia,<\/strong> ha illustrato tutti i vantaggi a cui si ha diritto nel momento in cui si sceglie di diventare astriani. Tra questi, risulta di primaria importanza <strong>l\u2019approccio comune e unificato degli acquisti<\/strong> che garantisce posizionamento e termini di negoziazione esclusivi.<br \/>\nSpicca, inoltre, il supporto e la consulenza tecnica offerta a tutti gli astriani e alle loro officine, assicurata dalla presenza di un collaboratore fisso dedicato.<br \/>\n\u201cNegoziare insieme per essere pi\u00f9 forti e condividere le nostre competenze tecniche\u201d \u00e8 uno dei motti della rete, come sottolineato De Korver.<\/p>\n<p><strong>Gianluca Avanzini, presidente di ASTRE Plus,<\/strong> ha fatto il punto della situazione sull\u2019attivit\u00e0 del servizio in Italia.<\/p>\n<p>L\u2019innovativa soluzione distributiva di ASTRE oggi \u00e8 arrivata alla <strong>copertura del 95% del territorio nazionale<\/strong>: dopo l&#8217;apertura degli hub di Bologna e Napoli \u00e8 stato inaugurato nella prima decade di marzo quello di Milano, che ha permesso un&#8217;ulteriore espansione del progetto sul territorio nazionale.<br \/>\nAvanzini ha poi illustrato lo stato dell\u2019arte dello sviluppo dei servizi software collegati al pallet network: gli affiliati, infatti, utilizzano un software comune che permette di ottimizzare i processi aziendali sia all\u2019interno dell\u2019azienda, sia in riferimento alla rete esterna.<\/p>\n<p><strong>Claudio Carrano, Amministratore di Infogestweb-Golia<\/strong>, ha presentato <strong>un focus sul Pacchetto Mobilit\u00e0<\/strong> e su tutte le novit\u00e0 introdotte nel settore trasporto merci dal provvedimento.<\/p>\n<p>Successivamente<strong>, Raimondo Girardi, Fleet Sales Manager Mercedes-Benz Trucks Italy<\/strong>, ha parlato delle sfide che <strong>l\u2019industria automotive<\/strong> si trova a dover fronteggiare oggi, soprattutto in relazione agli obiettivi previsti dall\u2019Ue in materia di sostenibilit\u00e0. Raimondi ha spiegato che l\u2019impegno di Mercedes in questo senso \u00e8 ambizioso: entro il 2039 tutti i truck saranno a zero emissioni di Co2.<\/p>\n<p>I lavori si sono conclusi con <strong>una tavola rotonda<\/strong> che ha coinvolto alcuni soci ed esperti del settore.<\/p>\n<p><img decoding=\"async\" class=\"alignnone size-medium wp-image-1699\" src=\"https:\/\/www.astreitalia.it\/wp-content\/uploads\/2022\/06\/congresso-venezia-300x200.jpg\" alt=\"\" width=\"300\" height=\"200\" srcset=\"https:\/\/www.astreitalia.it\/wp-content\/uploads\/2022\/06\/congresso-venezia-300x200.jpg 300w, https:\/\/www.astreitalia.it\/wp-content\/uploads\/2022\/06\/congresso-venezia-768x512.jpg 768w, https:\/\/www.astreitalia.it\/wp-content\/uploads\/2022\/06\/congresso-venezia-700x467.jpg 700w, https:\/\/www.astreitalia.it\/wp-content\/uploads\/2022\/06\/congresso-venezia.jpg 1000w\" sizes=\"(max-width: 300px) 100vw, 300px\" \/><\/p>\n","protected":false},"excerpt":{"rendered":"<p>Si \u00e8 svolto a Venezia, il 28 maggio 2022, il 10\u00b0 Congresso ASTRE Italia. Il network europeo delle PMI del trasporto e della logistica si \u00e8 riunito di nuovo in presenza dopo due anni di stop. Soci titolari, dirigenti, affiliati plus e partner hanno fatto&#8230;<\/p>\n","protected":false},"author":5,"featured_media":1697,"comment_status":"open","ping_status":"open","sticky":false,"template":"","format":"standard","meta":{"footnotes":""},"categories":[1],"tags":[85,14,113,23,114],"class_list":["post-1695","post","type-post","status-publish","format-standard","has-post-thumbnail","hentry","category-news_interne","tag-astre","tag-astre-plus","tag-congresso","tag-trasporto-merci","tag-valori"],"acf":[],"_links":{"self":[{"href":"https:\/\/www.astreitalia.it\/index.php\/wp-json\/wp\/v2\/posts\/1695","targetHints":{"allow":["GET"]}}],"collection":[{"href":"https:\/\/www.astreitalia.it\/index.php\/wp-json\/wp\/v2\/posts"}],"about":[{"href":"https:\/\/www.astreitalia.it\/index.php\/wp-json\/wp\/v2\/types\/post"}],"author":[{"embeddable":true,"href":"https:\/\/www.astreitalia.it\/index.php\/wp-json\/wp\/v2\/users\/5"}],"replies":[{"embeddable":true,"href":"https:\/\/www.astreitalia.it\/index.php\/wp-json\/wp\/v2\/comments?post=1695"}],"version-history":[{"count":8,"href":"https:\/\/www.astreitalia.it\/index.php\/wp-json\/wp\/v2\/posts\/1695\/revisions"}],"predecessor-version":[{"id":1706,"href":"https:\/\/www.astreitalia.it\/index.php\/wp-json\/wp\/v2\/posts\/1695\/revisions\/1706"}],"wp:featuredmedia":[{"embeddable":true,"href":"https:\/\/www.astreitalia.it\/index.php\/wp-json\/wp\/v2\/media\/1697"}],"wp:attachment":[{"href":"https:\/\/www.astreitalia.it\/index.php\/wp-json\/wp\/v2\/media?parent=1695"}],"wp:term":[{"taxonomy":"category","embeddable":true,"href":"https:\/\/www.astreitalia.it\/index.php\/wp-json\/wp\/v2\/categories?post=1695"},{"taxonomy":"post_tag","embeddable":true,"href":"https:\/\/www.astreitalia.it\/index.php\/wp-json\/wp\/v2\/tags?post=1695"}],"curies":[{"name":"wp","href":"https:\/\/api.w.org\/{rel}","templated":true}]}}