{"id":1488,"date":"2022-03-16T10:31:16","date_gmt":"2022-03-16T10:31:16","guid":{"rendered":"https:\/\/www.astreitalia.it\/web\/?p=1488"},"modified":"2022-03-21T11:43:53","modified_gmt":"2022-03-21T11:43:53","slug":"mims-bellanova-incontra-le-associazioni-dellautotrasporto-presentato-un-protocollo-dintesa","status":"publish","type":"post","link":"https:\/\/www.astreitalia.it\/index.php\/2022\/03\/16\/mims-bellanova-incontra-le-associazioni-dellautotrasporto-presentato-un-protocollo-dintesa\/","title":{"rendered":"MIMS, Bellanova incontra le associazioni dell\u2019autotrasporto: presentato un protocollo d\u2019intesa"},"content":{"rendered":"<p>Si \u00e8 svolto ieri sera presso la Sala Mappamondo al Mims, l\u2019atteso incontro tra la <strong>Viceministra alle Infrastrutture e Mobilit\u00e0 sostenibili Teresa Bellanova <\/strong>e le associazioni di <strong>categoria dell\u2019autotrasporto. <\/strong>Al centro della riunione la proposta da parte del MIMS di sottoscrizione di <strong>un protocollo d\u2019intesa<\/strong> che punta a sostenere la competitivit\u00e0 del settore e a garantire la sicurezza e la regolarit\u00e0 del mercato.<\/p>\n<p>Quattro, in particolare, i punti rilevanti su cui il Protocollo dovrebbe sancire, una volta sottoscritto, il punto di equilibrio raggiunto con imprese di autotrasporto e committenza:<\/p>\n<ul>\n<li>I<strong>l rispetto della clausola di adeguamento del costo del carburante<\/strong>, elemento essenziale del contratto di trasporto ed <strong>i costi indicativi di riferimento<\/strong>, aggiornati almeno trimestralmente dal Ministero, da far diventare obbligatori per i contratti verbali.<\/li>\n<li><strong>I controlli sul rispetto dei tempi di pagamento dei contratti di trasporto<\/strong>, anche mediante il coinvolgimento dell\u2019Autorit\u00e0 Garante per la Concorrenza ed il Mercato e del Comitato Centrale per l\u2019Albo nazionale degli autotrasportatori, in aggiunta a quanto gi\u00e0 in essere.<\/li>\n<li><strong>La revisione della regolamentazione dei tempi per il carico e lo scarico delle merci. <\/strong><\/li>\n<li>Le misure semplificative e agevolative legate all\u2019entrata in vigore del <strong>nuovo Regolamento Europeo 1055\/2020.<\/strong><\/li>\n<\/ul>\n<p>Il Protocollo conferma la firma di entrambi i ministeri interessati &#8211; Mims e Mef &#8211; del Decreto interministeriale per la ripartizione condivisa con le associazioni di categoria, per il triennio 2022-2024, del <strong>fondo di 240 milioni di euro destinati all&#8217;autotrasporto<\/strong>, che dunque adesso attende il via libera della Corte dei Conti; l&#8217;accelerazione per tutte le<strong> procedure di pagamento degli incentivi e dei contributi dovuti<\/strong>; la valutazione gi\u00e0 in corso, sul piano normativo, per esplorare ogni soluzione finalizzata ad evitare anche per il corrente anno l&#8217;applicazione alle imprese del settore del <strong>contributo richiesto dall&#8217;Autorit\u00e0 di regolazione dei trasporti.<\/strong><\/p>\n<p>Le associazioni di categoria <strong>dovranno adesso discutere l\u2019intesa al loro interno<\/strong>: a questo scopo per per la giornata di sabato saranno programmate una serie di assemblee territoriali in vista di un nuovo incontro con il Governo previsto per la prossima settimana.<\/p>\n<h2>Il tema accise e caro carburante<\/h2>\n<p>La Viceministra \u00e8 intervenuta anche sul tema delle accise: \u201cUn intervento non \u00e8 pi\u00f9 rinviabile \u2013 ha detto Bellanova -. <strong>Il caro carburante rischia di strozzare questo segmento<\/strong> che \u00e8 strategico per il Paese, ripercuotendosi su altri settori ugualmente essenziali e di prima necessit\u00e0. Bisogna agire adesso, con coraggio e determinazione. Dopo sarebbe troppo tardi\u201d.<\/p>\n<p>\u201cAd oggi dal <strong>ministero delle Infrastrutture e della Mobilit\u00e0 Sostenibili<\/strong> <strong>non ci sono proposte su compensazioni per il caro carburanti.<\/strong> Sulla questione gasolio la Vice Ministra ha annunciato che la risposta alla categoria sar\u00e0 data da un provvedimento generale del Governo di cui non si conosce l\u2019entit\u00e0 effettiva\u201d, ha sottolineato in una nota <strong>l\u2019associazione di categoria Unatras<\/strong> dopo l\u2019incontro.<br \/>\nIn attesa della sottoscrizione del protocollo le associazioni si sono impegnate a scongiurare contestualmente <strong>il fermo nazionale dei servizi di autotrasporto<\/strong> a garanzia della prosecuzione senza soluzione di continuit\u00e0 delle attivit\u00e0. E Bellanova ha confermato &#8220;la natura permanente del Tavolo che proseguir\u00e0 nel confronto &#8211; ha detto &#8211; monitorando l&#8217;evolversi dello stato delle cose per individuare in corso d&#8217;opera le giuste e pi\u00f9 opportune risposte&#8221;.<\/p>\n<p>&nbsp;<\/p>\n<p>&nbsp;<\/p>\n","protected":false},"excerpt":{"rendered":"<p>Si \u00e8 svolto ieri sera presso la Sala Mappamondo al Mims, l\u2019atteso incontro tra la Viceministra alle Infrastrutture e Mobilit\u00e0 sostenibili Teresa Bellanova e le associazioni di categoria dell\u2019autotrasporto. Al centro della riunione la proposta da parte del MIMS di sottoscrizione di un protocollo d\u2019intesa&#8230;<\/p>\n","protected":false},"author":5,"featured_media":1465,"comment_status":"open","ping_status":"open","sticky":false,"template":"","format":"standard","meta":{"footnotes":""},"categories":[8],"tags":[45,46,43,42,44],"class_list":["post-1488","post","type-post","status-publish","format-standard","has-post-thumbnail","hentry","category-news_esterne","tag-caro-carburante","tag-caro-gasolio","tag-mims","tag-sciopero-autotrasporto","tag-teresa-bellanova"],"acf":[],"_links":{"self":[{"href":"https:\/\/www.astreitalia.it\/index.php\/wp-json\/wp\/v2\/posts\/1488","targetHints":{"allow":["GET"]}}],"collection":[{"href":"https:\/\/www.astreitalia.it\/index.php\/wp-json\/wp\/v2\/posts"}],"about":[{"href":"https:\/\/www.astreitalia.it\/index.php\/wp-json\/wp\/v2\/types\/post"}],"author":[{"embeddable":true,"href":"https:\/\/www.astreitalia.it\/index.php\/wp-json\/wp\/v2\/users\/5"}],"replies":[{"embeddable":true,"href":"https:\/\/www.astreitalia.it\/index.php\/wp-json\/wp\/v2\/comments?post=1488"}],"version-history":[{"count":2,"href":"https:\/\/www.astreitalia.it\/index.php\/wp-json\/wp\/v2\/posts\/1488\/revisions"}],"predecessor-version":[{"id":1491,"href":"https:\/\/www.astreitalia.it\/index.php\/wp-json\/wp\/v2\/posts\/1488\/revisions\/1491"}],"wp:featuredmedia":[{"embeddable":true,"href":"https:\/\/www.astreitalia.it\/index.php\/wp-json\/wp\/v2\/media\/1465"}],"wp:attachment":[{"href":"https:\/\/www.astreitalia.it\/index.php\/wp-json\/wp\/v2\/media?parent=1488"}],"wp:term":[{"taxonomy":"category","embeddable":true,"href":"https:\/\/www.astreitalia.it\/index.php\/wp-json\/wp\/v2\/categories?post=1488"},{"taxonomy":"post_tag","embeddable":true,"href":"https:\/\/www.astreitalia.it\/index.php\/wp-json\/wp\/v2\/tags?post=1488"}],"curies":[{"name":"wp","href":"https:\/\/api.w.org\/{rel}","templated":true}]}}