{"id":1366,"date":"2022-02-24T14:55:22","date_gmt":"2022-02-24T14:55:22","guid":{"rendered":"https:\/\/www.astreitalia.it\/?p=1366"},"modified":"2022-02-24T14:57:40","modified_gmt":"2022-02-24T14:57:40","slug":"proseguono-le-proteste-dellautotrasporto-in-sicilia-difficolta-nella-distribuzione-dei-prodotti-agricoli","status":"publish","type":"post","link":"https:\/\/www.astreitalia.it\/index.php\/2022\/02\/24\/proseguono-le-proteste-dellautotrasporto-in-sicilia-difficolta-nella-distribuzione-dei-prodotti-agricoli\/","title":{"rendered":"Presidi autotrasporto: in Sicilia difficolt\u00e0 nella distribuzione dei prodotti agricoli"},"content":{"rendered":"<p>Arriva a Palermo <strong>la protesta degli autotrasportatori contro il caro carburante<\/strong>. Una ventina di tir oggi si sono fermati davanti all&#8217;ingresso del porto e lungo la strada che lo costeggia. La protesta degli autotrasportatori, partita alcuni giorni fa dal casello autostradale di San Gregorio a Catania, sta mettendo in difficolt\u00e0 anche <strong>la distribuzione dei prodotti agricoli e alimentari<\/strong> nei supermercati dove la merce comincia a scarseggiare.<\/p>\n<p>Le associazioni agricole intanto paventano il rischio per tonnellate di frutta e verdura che rischiano di marcire senza essere distribuite. &#8220;Siamo arrabbiati. Perch\u00e9 questi giorni di protesta e di conseguente mancata nostra presenza sui mercati hanno <strong>avvantaggiato gli altri competitor, soprattutto di Spagna e Marocco,<\/strong> che hanno proseguito regolarmente la loro attivit\u00e0\u201d, spiega Nuccia Alboni, titolare di una cooperativa agricola che produce ortofrutta e consigliere territoriale di <strong>Confcooperative Ragusa.<\/strong><\/p>\n<p>&#8220;I danni &#8211; aggiunge &#8211; sono incalcolabili. Infatti, nonostante le celle frigorifere, dovremo capire in che modo potr\u00e0 essere smaltita la merce andata a male. Quindi, siamo stati penalizzati due volte. Il conferimento degli scarti per noi avr\u00e0 un costo. Non \u00e8 che possiamo abbandonarli sui terreni. Prendiamo atto che gli operatori economici sono abbandonati a loro stessi. Sugli scaffali la merce c&#8217;\u00e8 stata lo stesso. Ma non era la nostra. E quindi tutto questo ci danneggia. Tra l&#8217;altro, quando la protesta finir\u00e0, troveremo i mercati saturi e ci\u00f2 comporter\u00e0 l&#8217;abbassamento dei prezzi. Insomma, una situazione a dir poco paradossale&#8221;.<\/p>\n<h2>La situazione in Calabria<\/h2>\n<p><strong>Gli autotrasportatori calabresi<\/strong> hanno attivato presidi sulle grandi arterie di comunicazione della regione. Le manifestazioni sono state attivate in provincia di Catanzaro sulla strada statale 280 e, in particolare, nei pressi dello svincolo di Settingiano, in due distributori di carburante e nei pressi della rotatoria dell&#8217;aeroporto di <strong>Lamezia Terme.<\/strong><\/p>\n<p>A <strong>Crotone il sit-in<\/strong> \u00e8 stato organizzato nei pressi della rotonda di localit\u00e0 Passovecchio, mentre iniziative analoghe sono segnalate nei pressi dello svincolo autostradale di Pizzo Calabro (Vv) e a San Lucido (Cs) sulla statale 18. La protesta si svolge in maniera pacifica, anche se <strong>non mancano i rallentamenti per la circolazione stradale. <\/strong><\/p>\n","protected":false},"excerpt":{"rendered":"<p>Arriva a Palermo la protesta degli autotrasportatori contro il caro carburante. Una ventina di tir oggi si sono fermati davanti all&#8217;ingresso del porto e lungo la strada che lo costeggia. La protesta degli autotrasportatori, partita alcuni giorni fa dal casello autostradale di San Gregorio a&#8230;<\/p>\n","protected":false},"author":5,"featured_media":1367,"comment_status":"open","ping_status":"open","sticky":false,"template":"","format":"standard","meta":{"footnotes":""},"categories":[8],"tags":[17,21,20,19],"class_list":["post-1366","post","type-post","status-publish","format-standard","has-post-thumbnail","hentry","category-news_esterne","tag-autotrasporto","tag-caro-carburanti","tag-protesta","tag-sciopero"],"acf":[],"_links":{"self":[{"href":"https:\/\/www.astreitalia.it\/index.php\/wp-json\/wp\/v2\/posts\/1366","targetHints":{"allow":["GET"]}}],"collection":[{"href":"https:\/\/www.astreitalia.it\/index.php\/wp-json\/wp\/v2\/posts"}],"about":[{"href":"https:\/\/www.astreitalia.it\/index.php\/wp-json\/wp\/v2\/types\/post"}],"author":[{"embeddable":true,"href":"https:\/\/www.astreitalia.it\/index.php\/wp-json\/wp\/v2\/users\/5"}],"replies":[{"embeddable":true,"href":"https:\/\/www.astreitalia.it\/index.php\/wp-json\/wp\/v2\/comments?post=1366"}],"version-history":[{"count":2,"href":"https:\/\/www.astreitalia.it\/index.php\/wp-json\/wp\/v2\/posts\/1366\/revisions"}],"predecessor-version":[{"id":1369,"href":"https:\/\/www.astreitalia.it\/index.php\/wp-json\/wp\/v2\/posts\/1366\/revisions\/1369"}],"wp:featuredmedia":[{"embeddable":true,"href":"https:\/\/www.astreitalia.it\/index.php\/wp-json\/wp\/v2\/media\/1367"}],"wp:attachment":[{"href":"https:\/\/www.astreitalia.it\/index.php\/wp-json\/wp\/v2\/media?parent=1366"}],"wp:term":[{"taxonomy":"category","embeddable":true,"href":"https:\/\/www.astreitalia.it\/index.php\/wp-json\/wp\/v2\/categories?post=1366"},{"taxonomy":"post_tag","embeddable":true,"href":"https:\/\/www.astreitalia.it\/index.php\/wp-json\/wp\/v2\/tags?post=1366"}],"curies":[{"name":"wp","href":"https:\/\/api.w.org\/{rel}","templated":true}]}}