{"id":1228,"date":"2022-02-17T17:10:25","date_gmt":"2022-02-17T17:10:25","guid":{"rendered":"https:\/\/www.astreitalia.it\/?p=1228"},"modified":"2022-02-23T09:19:55","modified_gmt":"2022-02-23T09:19:55","slug":"logistica-incontro-a-bologna-per-la-regione-astre-italia-e-astre-plus","status":"publish","type":"post","link":"https:\/\/www.astreitalia.it\/index.php\/2022\/02\/17\/logistica-incontro-a-bologna-per-la-regione-astre-italia-e-astre-plus\/","title":{"rendered":"Logistica: incontro a Bologna per ASTRE Italia e ASTRE PLUS"},"content":{"rendered":"<p>Si \u00e8 svolta il 1\u00b0 dicembre a Bentivoglio (Bologna) la riunione della\u00a0<strong>Regione ASTRE Italia e ASTRE PLUS.<\/strong><\/p>\n<p>Nato in Francia nel 1992,\u00a0<strong>ASTRE<\/strong>\u00a0\u00e8 il 1\u00b0 Raggruppamento Europeo di PMI di Trasporti &amp; Logistica autonome, indipendenti e finanziariamente solide, al quale aderiscono oltre 160 Imprenditori di 12 Paesi<strong>. ASTRE Italia<\/strong>\u00a0nasce nel 2010 e oggi \u00e8 costituita da una rete di 26 soci.<\/p>\n<p>Dopo l\u2019incontro del 25 settembre con gli\u00a0<strong>Operativi e i Responsabili Acquisti<\/strong>\u00a0della\u00a0<strong>Regione ASTRE Italia<\/strong>\u00a0e il\u00a0<strong>Congresso Titolari ASTRE 2021<\/strong>\u00a0che si \u00e8 svolto dal 6 al 10 ottobre a\u00a0<strong>Taormina<\/strong>, il nuovo appuntamento \u00e8 stato utile per fare il punto della situazione sui risultati pi\u00f9 recenti delle attivit\u00e0 in corso e sui progetti futuri.<\/p>\n<p>Nella fase iniziale dei lavori si \u00e8 svolto\u00a0<strong>un laboratorio collaborativo dedicato alla sostenibilit\u00e0<\/strong>\u00a0a cura di Andrea Carrara del CSR ASTRE, e Paola Fiore, esperta di \u201cEticAmbiente\u201d, che ha coinvolto gli imprenditori in un dibattito molto intenso (<a href=\"http:\/\/www.fresqueduclimat.org\/\">www.fresqueduclimat.org<\/a>\u00a0)<\/p>\n<p>Dopo l\u2019intervento del\u00a0<strong>Presidente Giuseppe Curcio,\u00a0<\/strong>sono state citate importanti iniziative di alcuni soci come quella di\u00a0<strong>SMANIA GROUP<\/strong>\u00a0a favore della lotta contro il tumore al seno, la campagna dell&#8217;azienda\u00a0<strong>CURCIO<\/strong>\u00a0per l&#8217;assunzione di nuovi autisti, e il 45\u00b0 anniversario lavorativo del Socio\u00a0<strong>TABOGA<\/strong>\u00a0che ha ricevuto in dono un\u2019opera dello scultore Franco Maschio (<a href=\"http:\/\/www.francomaschio.it\/\">www.francomaschio.it<\/a>\u00a0)<\/p>\n<p>Punto e analisi del resoconto finanziario e contabile del gruppo e focus anche sul\u00a0<strong>&#8220;Passaporto ASTRE&#8221;,<\/strong>\u00a0un sistema a punteggio che valorizza le qualit\u00e0 costituenti della rete d&#8217;impresa.<br \/>\nASTRE, infatti, si fonda sull&#8217;impegno da parte dei propri soci a condividere pratiche ottimali ed efficienti nel trasporto merci sulla base di principi imprescindibili come la\u00a0<strong>solidariet\u00e0 continua e la trasparenza<\/strong>. Un club esclusivo, dunque, in cui spiccano\u00a0<strong>l&#8217;etica e la professionalit\u00e0 dei suoi membri.\u00a0<\/strong><\/p>\n<p>La Commissione acquisti, elemento caratterizzante del gruppo demandato a stipulare convenzioni con i fornitori, ha fatto il punto della situazione sulle convenzioni attuali che in Italia, per le sole case costruttrici, riguardano marchi come\u00a0<strong>Mercedes, Renault e Scania.<\/strong><\/p>\n<p>Nel corso dei lavori, il\u00a0<strong>Responsabile dei servizi commerciali Julien Garioud,<\/strong>\u00a0ha fatto il resoconto delle attivit\u00e0 della Direzione commerciale, impegnata a dialogare con la committenza, che a livello globale gestisce contratti con gruppi come\u00a0<strong>Leroy Merlin, Nestl\u00e9, Conforama, Carrefour e Unilever<\/strong>\u00a0e tender internazionali.<\/p>\n<h2>ASTRE PLUS, la nuova soluzione distributiva<\/h2>\n<p>Nel corso del pomeriggio l&#8217;attenzione si \u00e8 spostata su\u00a0<strong>ASTRE PLUS<\/strong>, la rete interna di gestione dei pallet nata a fine 2018 che ha al momento\u00a0<strong>45 affiliati e 3 affiliati entranti.<\/strong><\/p>\n<p><strong>ASTRE PLUS<\/strong>\u00a0rappresenta un altro progetto tutto italiano basato sull&#8217;adattamento alla nostra realt\u00e0 di modelli europei: la comunit\u00e0 dei soci ha portato sul mercato nazionale una soluzione distributiva nuova e originale che si fonda sul concetto di gestione dei lotti, ossia di un insieme che pu\u00f2 andare da 2 a 12 pallet.<\/p>\n<p>Il successo dello sviluppo della rete si basa su molteplici fattori tra cui la collaborazione tra network e affiliati, il comune obiettivo di crescita e sviluppo sano della rete, ma anche sull&#8217;<strong>imparzialit\u00e0 e la non competitivit\u00e0\u00a0<\/strong>rispetto ai pallet networks esistenti in Italia.<br \/>\nIl\u00a0<strong>Presidente di<\/strong>\u00a0<strong>ASTRE PLUS, Gianluca Avanzini,\u00a0<\/strong>e il<strong>\u00a0Responsabile sviluppo della rete, Davide Napolitano,<\/strong>\u00a0hanno spiegato che dopo l&#8217;apertura degli hub di\u00a0<strong>Bologna e Napoli<\/strong>\u00a0\u00e8 prevista l&#8217;apertura a breve di quello di\u00a0<strong>Milano<\/strong>\u00a0che dovrebbe consentire\u00a0<strong>un&#8217;ulteriore espansione del progetto.<\/strong><\/p>\n<p><strong>ASTRE PLUS<\/strong>\u00a0oggi offre una copertura del 95% del territorio nazionale con poche aree ancora in cerca di affiliati come la Liguria e la Toscana.<\/p>\n","protected":false},"excerpt":{"rendered":"<p>Si \u00e8 svolta il 1\u00b0 dicembre a Bentivoglio (Bologna) la riunione della\u00a0Regione ASTRE Italia e ASTRE PLUS. Nato in Francia nel 1992,\u00a0ASTRE\u00a0\u00e8 il 1\u00b0 Raggruppamento Europeo di PMI di Trasporti &amp; Logistica autonome, indipendenti e finanziariamente solide, al quale aderiscono oltre 160 Imprenditori di 12&#8230;<\/p>\n","protected":false},"author":5,"featured_media":1229,"comment_status":"open","ping_status":"open","sticky":false,"template":"","format":"standard","meta":{"footnotes":""},"categories":[1],"tags":[9,14,11,15,10],"class_list":["post-1228","post","type-post","status-publish","format-standard","has-post-thumbnail","hentry","category-news_interne","tag-astre-italia","tag-astre-plus","tag-logistica","tag-passaporto-astre","tag-trasporti"],"acf":[],"_links":{"self":[{"href":"https:\/\/www.astreitalia.it\/index.php\/wp-json\/wp\/v2\/posts\/1228","targetHints":{"allow":["GET"]}}],"collection":[{"href":"https:\/\/www.astreitalia.it\/index.php\/wp-json\/wp\/v2\/posts"}],"about":[{"href":"https:\/\/www.astreitalia.it\/index.php\/wp-json\/wp\/v2\/types\/post"}],"author":[{"embeddable":true,"href":"https:\/\/www.astreitalia.it\/index.php\/wp-json\/wp\/v2\/users\/5"}],"replies":[{"embeddable":true,"href":"https:\/\/www.astreitalia.it\/index.php\/wp-json\/wp\/v2\/comments?post=1228"}],"version-history":[{"count":2,"href":"https:\/\/www.astreitalia.it\/index.php\/wp-json\/wp\/v2\/posts\/1228\/revisions"}],"predecessor-version":[{"id":1271,"href":"https:\/\/www.astreitalia.it\/index.php\/wp-json\/wp\/v2\/posts\/1228\/revisions\/1271"}],"wp:featuredmedia":[{"embeddable":true,"href":"https:\/\/www.astreitalia.it\/index.php\/wp-json\/wp\/v2\/media\/1229"}],"wp:attachment":[{"href":"https:\/\/www.astreitalia.it\/index.php\/wp-json\/wp\/v2\/media?parent=1228"}],"wp:term":[{"taxonomy":"category","embeddable":true,"href":"https:\/\/www.astreitalia.it\/index.php\/wp-json\/wp\/v2\/categories?post=1228"},{"taxonomy":"post_tag","embeddable":true,"href":"https:\/\/www.astreitalia.it\/index.php\/wp-json\/wp\/v2\/tags?post=1228"}],"curies":[{"name":"wp","href":"https:\/\/api.w.org\/{rel}","templated":true}]}}